{"id":2473,"date":"2024-04-22T09:24:00","date_gmt":"2024-04-22T09:24:00","guid":{"rendered":"https:\/\/sources-matter.com\/?p=2473"},"modified":"2025-05-12T09:31:15","modified_gmt":"2025-05-12T09:31:15","slug":"csddd-a-lksg-v-praxi","status":"publish","type":"post","link":"https:\/\/sources-matter.com\/en\/csddd-a-lksg-v-praxi\/sources-matter","title":{"rendered":"CSDDD a LkSG v praxi: Jak na etick\u00e9 a legislativn\u011b spr\u00e1vn\u00e9 \u0159\u00edzen\u00ed dodavatelsk\u00fdch \u0159et\u011bzc\u016f"},"content":{"rendered":"<p>Zveme v\u00e1s na druh\u00fd ro\u010dn\u00edk konference zam\u011b\u0159en\u00e9 na podnikovou ekologii a udr\u017eitelnost. Leto\u0161n\u00ed ro\u010dn\u00edk p\u0159inese poutav\u00e9 p\u0159\u00edklady z praxe v oblastech ESG, uhl\u00edkov\u00e9 stopy a zelen\u00e9 energetiky. Zaj\u00edmavosti z pr\u016fmyslov\u00e9 ekologie se budou t\u00fdkat aktu\u00e1ln\u00edch t\u00e9mat jako odpadov\u00e9 hospod\u00e1\u0159stv\u00ed, chemick\u00e9 l\u00e1tky a sm\u011bsi, baterie a p\u0159eprava nebezpe\u010dn\u00fdch v\u011bc\u00ed.<\/p>\n\n\n\n<p>Konference je ur\u010dena pro podnikov\u00e9 ekology, poradensk\u00e9 firmy v oblasti ekologie, mana\u017eery odpov\u011bdn\u00e9 za ISO 14 001, \u0159editel\u016fm a managementu podniku, kte\u0159\u00ed podporuj\u00ed ekologickou strategii, ESG konzultant\u016fm a dal\u0161\u00edm odborn\u00edk\u016fm z oblasti udr\u017eitelnosti.<\/p>\n\n\n\n<p>Hlavn\u00ed t\u00e9mata zahrnuj\u00ed podnikovou ekologii a jej\u00ed vlivy, praktick\u00e9 dopady udr\u017eitelnosti a ESG na podniky, ESG reporting, uhl\u00edkovou stopu, vyu\u017eit\u00ed zelen\u00e9 energetiky, ot\u00e1zky cirkul\u00e1rn\u00ed ekonomiky a mnoho dal\u0161\u00edch. Na konferenci vystoup\u00ed renomovan\u00ed poradci, audito\u0159i ISO a odborn\u00edci ze st\u00e1tn\u00ed spr\u00e1vy.<\/p>\n\n\n\n<h3 class=\"wp-block-heading has-medium-font-size\" id=\"h-cim-prispeje-sources-matter\">\u010c\u00edm p\u0159isp\u011bje <a href=\"https:\/\/sources-matter.com\/en\/\">Sources-Matter?<\/a><\/h3>\n\n\n\n<p>V r\u00e1mci na\u0161eho p\u0159\u00edsp\u011bvku se zam\u011b\u0159\u00edme na t\u00e9ma &#8222;CSDDD a LkSG v praxi: Etick\u00e9 \u0159\u00edzen\u00ed dodavatelsk\u00fdch \u0159et\u011bzc\u016f&#8220;, kde se budeme v\u011bnovat soci\u00e1ln\u00edm aspekt\u016fm ESG v r\u00e1mci \u0159\u00edzen\u00ed dodavatelsk\u00fdch \u0159et\u011bzc\u016f a jejich udr\u017eitelnosti. <\/p>\n\n\n\n<p>Na\u0161e prezentace objasn\u00ed role legislativn\u00edch r\u00e1mc\u016f sm\u011brnice CSDDD (Corporate Sustainability Due Diligence Directive) a z\u00e1kona LkSG (Lieferkettensorgfaltspflichtengesetz), zam\u011b\u0159en\u00fdch na problematiku konfliktn\u00edch miner\u00e1l\u016f. Vysv\u011btl\u00edme, jak efektivn\u011b za\u010dlenit etick\u00e9 principy do ka\u017edodenn\u00edch operac\u00ed a rozhodovac\u00edch proces\u016f v dodavatelsk\u00fdch \u0159et\u011bzc\u00edch. D\u00e1le probereme v\u00fdznam udr\u017eiteln\u00e9ho \u0159\u00edzen\u00ed dodavatelsk\u00fdch \u0159et\u011bzc\u016f v glob\u00e1ln\u00edm kontextu a jak soci\u00e1ln\u00ed aspekty ESG mohou pozitivn\u011b ovlivnit reputaci a dlouhodob\u00fd \u00fasp\u011bch va\u0161\u00ed firmy.<\/p>\n\n\n\n<p>P\u0159idejte se k n\u00e1m a z\u00edskejte cenn\u00e9 informace a inspiraci pro dal\u0161\u00ed rozvoj va\u0161\u00ed profesn\u00ed kari\u00e9ry v oblasti ekologie a udr\u017eitelnosti. T\u011b\u0161\u00edme se na va\u0161i \u00fa\u010dast!<\/p>\n\n\n\n<p class=\"has-link-color wp-elements-dd28e12821ae9c9891a69a5fc7dab677\">Registrace <a href=\"https:\/\/www.vidacon.cz\/cz\/konference\/podnikova-ekologie-a-udrzitelnost\/30\" target=\"_blank\" rel=\"noopener\"><strong>ZDE:<\/strong><\/a><\/p>\n\n\n\n<p><\/p>","protected":false},"excerpt":{"rendered":"<p>Zveme v\u00e1s na druh\u00fd ro\u010dn\u00edk konference zam\u011b\u0159en\u00e9 na podnikovou ekologii a udr\u017eitelnost. Leto\u0161n\u00ed ro\u010dn\u00edk p\u0159inese poutav\u00e9 p\u0159\u00edklady z praxe v oblastech ESG, uhl\u00edkov\u00e9 stopy a zelen\u00e9 energetiky. Zaj\u00edmavosti z pr\u016fmyslov\u00e9 ekologie se budou t\u00fdkat aktu\u00e1ln\u00edch t\u00e9mat jako odpadov\u00e9 hospod\u00e1\u0159stv\u00ed, chemick\u00e9 l\u00e1tky a sm\u011bsi, baterie a p\u0159eprava nebezpe\u010dn\u00fdch v\u011bc\u00ed. Konference je ur\u010dena pro podnikov\u00e9 ekology, poradensk\u00e9 [&hellip;]<\/p>\n","protected":false},"author":1,"featured_media":231136,"comment_status":"closed","ping_status":"closed","sticky":false,"template":"","format":"standard","meta":{"_et_pb_use_builder":"","_et_pb_old_content":"","_et_gb_content_width":"","footnotes":""},"categories":[1],"tags":[53,36,45,39,42],"class_list":["post-2473","post","type-post","status-publish","format-standard","has-post-thumbnail","hentry","category-uncategorized","tag-csrd-podavani-zprav-o-udrzitelnosti","tag-esg-konfliktni-mineraly","tag-esg-reporting","tag-konfliktni-mineraly","tag-nemecky-zakon-o-dodavatelskych-retezcich"],"_links":{"self":[{"href":"https:\/\/sources-matter.com\/en\/wp-json\/wp\/v2\/posts\/2473","targetHints":{"allow":["GET"]}}],"collection":[{"href":"https:\/\/sources-matter.com\/en\/wp-json\/wp\/v2\/posts"}],"about":[{"href":"https:\/\/sources-matter.com\/en\/wp-json\/wp\/v2\/types\/post"}],"author":[{"embeddable":true,"href":"https:\/\/sources-matter.com\/en\/wp-json\/wp\/v2\/users\/1"}],"replies":[{"embeddable":true,"href":"https:\/\/sources-matter.com\/en\/wp-json\/wp\/v2\/comments?post=2473"}],"version-history":[{"count":4,"href":"https:\/\/sources-matter.com\/en\/wp-json\/wp\/v2\/posts\/2473\/revisions"}],"predecessor-version":[{"id":231241,"href":"https:\/\/sources-matter.com\/en\/wp-json\/wp\/v2\/posts\/2473\/revisions\/231241"}],"wp:featuredmedia":[{"embeddable":true,"href":"https:\/\/sources-matter.com\/en\/wp-json\/wp\/v2\/media\/231136"}],"wp:attachment":[{"href":"https:\/\/sources-matter.com\/en\/wp-json\/wp\/v2\/media?parent=2473"}],"wp:term":[{"taxonomy":"category","embeddable":true,"href":"https:\/\/sources-matter.com\/en\/wp-json\/wp\/v2\/categories?post=2473"},{"taxonomy":"post_tag","embeddable":true,"href":"https:\/\/sources-matter.com\/en\/wp-json\/wp\/v2\/tags?post=2473"}],"curies":[{"name":"wp","href":"https:\/\/api.w.org\/{rel}","templated":true}]}}