{"id":2447,"date":"2024-02-14T05:30:00","date_gmt":"2024-02-14T05:30:00","guid":{"rendered":"https:\/\/sources-matter.com\/?p=2447"},"modified":"2025-03-26T19:31:34","modified_gmt":"2025-03-26T19:31:34","slug":"dalsi-krok-k-ochrane-zivotniho-prostredi-ze-strany-eu-zakaz-umyslneho-pouziti-toxicke-rtuti","status":"publish","type":"post","link":"https:\/\/sources-matter.com\/en\/dalsi-krok-k-ochrane-zivotniho-prostredi-ze-strany-eu-zakaz-umyslneho-pouziti-toxicke-rtuti\/sources-matter","title":{"rendered":"EU zakazuje \u00famysln\u00e9 pou\u017eit\u00ed toxick\u00e9 rtuti v r\u00e1mci ochrany \u017eivotn\u00edho prost\u0159ed\u00ed"},"content":{"rendered":"<p class=\"has-link-color wp-elements-35771a9ca7022c6a649ba18a2888b27f\">Evropsk\u00e1 komise ozn\u00e1mila, \u017ee v\u00edt\u00e1 p\u0159edb\u011b\u017enou politickou dohodu dosa\u017eenou mezi Evropsk\u00fdm parlamentem a Radou ohledn\u011b revize&nbsp;<strong>Na\u0159\u00edzen\u00ed o rtuti<\/strong>. Tato dohoda p\u0159edstavuje kl\u00ed\u010dov\u00fd krok k ochran\u011b lidsk\u00e9ho zdrav\u00ed a \u017eivotn\u00edho prost\u0159ed\u00ed v EU a pom\u00e1h\u00e1 splnit z\u00e1vazky v r\u00e1mci&nbsp;<strong>Evropsk\u00e9ho Green Dealu<\/strong>,&nbsp;<strong>strategie pro udr\u017eitelnost v oblasti chemick\u00fdch l\u00e1tek<\/strong>a&nbsp;<strong>c\u00edl nulov\u00fdch emis\u00ed<\/strong>.<\/p>\n\n\n\n<h2 class=\"wp-block-heading has-medium-font-size\"><strong>Rtu\u0165 \u2013 nebezpe\u010dn\u00e1 l\u00e1tka ohro\u017euj\u00edc\u00ed zdrav\u00ed i \u017eivotn\u00ed prost\u0159ed\u00ed<\/strong><\/h2>\n\n\n\n<p>Rtu\u0165 je&nbsp;<strong>vysoce toxick\u00e1 l\u00e1tka<\/strong>, kter\u00e1 p\u0159edstavuje celosv\u011btovou hrozbu pro zdrav\u00ed lid\u00ed i ekosyst\u00e9my. Nach\u00e1z\u00ed se v pr\u016fmyslov\u00fdch procesech i r\u016fzn\u00fdch produktech, jako jsou&nbsp;<strong>sv\u011bteln\u00e9 zdroje<\/strong>&nbsp;nebo&nbsp;<strong>zubn\u00ed amalg\u00e1m<\/strong>.&nbsp;<strong>Vystaven\u00ed vysok\u00fdm hladin\u00e1m rtuti<\/strong>&nbsp;m\u016f\u017ee zp\u016fsobit v\u00e1\u017en\u00e1 po\u0161kozen\u00ed&nbsp;<strong>centr\u00e1ln\u00edho nervov\u00e9ho syst\u00e9mu, plic, ledvin a imunitn\u00edho syst\u00e9mu<\/strong>.<\/p>\n\n\n\n<h3 class=\"wp-block-heading has-medium-font-size\"><strong>Z\u00e1kaz pou\u017eit\u00ed rtuti v EU \u2013 co se m\u011bn\u00ed?<\/strong><\/h3>\n\n\n\n<p>Jedn\u00edm z hlavn\u00edch opat\u0159en\u00ed dohody je&nbsp;<strong>\u00fapln\u00fd z\u00e1kaz \u00famysln\u00e9ho pou\u017eit\u00ed rtuti<\/strong>&nbsp;v EU. Mezi nejv\u00fdznamn\u011bj\u0161\u00ed zm\u011bny pat\u0159\u00ed:<\/p>\n\n\n\n<ul class=\"wp-block-list\">\n<li><strong>Z\u00e1kaz pou\u017e\u00edv\u00e1n\u00ed zubn\u00edho amalg\u00e1mu<\/strong>&nbsp;\u2013 vstoup\u00ed v platnost od&nbsp;<strong>1. ledna p\u0159\u00ed\u0161t\u00edho roku<\/strong>.<\/li>\n\n\n\n<li><strong>Z\u00e1kaz v\u00fdroby, dovozu a v\u00fdvozu n\u011bkter\u00fdch v\u00fdbojek obsahuj\u00edc\u00edch rtu\u0165<\/strong>.<\/li>\n\n\n\n<li><strong>P\u0159echod na bezrtu\u0165ov\u00e9 alternativy<\/strong>, jako jsou&nbsp;<strong>LED diody<\/strong>, kter\u00e9 nejen chr\u00e1n\u00ed zdrav\u00ed a \u017eivotn\u00ed prost\u0159ed\u00ed, ale tak\u00e9&nbsp;<strong>zlep\u0161uj\u00ed energetickou \u00fa\u010dinnost<\/strong>.<\/li>\n<\/ul>\n\n\n\n<h2 class=\"wp-block-heading has-medium-font-size\"><strong>Soulad s legislativou EU \u2013 Sm\u011brnice RoHS<\/strong><\/h2>\n\n\n\n<p>Tato opat\u0159en\u00ed jsou v souladu s dal\u0161\u00edmi&nbsp;<strong>pr\u00e1vn\u00edmi p\u0159edpisy EU<\/strong>, zejm\u00e9na se&nbsp;<strong>Sm\u011brnic\u00ed o omezen\u00ed nebezpe\u010dn\u00fdch l\u00e1tek v elektrick\u00fdch a elektronick\u00fdch za\u0159\u00edzen\u00edch (RoHS)<\/strong>.<\/p>\n\n\n\n<p><strong>Co p\u0159in\u00e1\u0161\u00ed nov\u00e1 regulace?<\/strong><\/p>\n\n\n\n<ul class=\"wp-block-list\">\n<li>Legislativn\u00ed v\u00fdjimky pro pou\u017eit\u00ed rtuti jsou uvedeny v&nbsp;<strong>p\u0159\u00edloze III Sm\u011brnice RoHS<\/strong>.<\/li>\n\n\n\n<li>V\u00fdroba, dovoz a v\u00fdvoz v\u00fdbojek s obsahem rtuti bude&nbsp;<strong>zak\u00e1z\u00e1n od 31. prosince 2025 nebo 30. \u010dervna 2026<\/strong>, v z\u00e1vislosti na typu v\u00fdbojky.<\/li>\n\n\n\n<li>Legislativn\u00ed v\u00fdjimky maj\u00ed&nbsp;<strong>\u010dasov\u011b omezenou platnost (5\u20137 let)<\/strong>&nbsp;a po jejich uplynut\u00ed&nbsp;<strong>u\u017e nebude mo\u017en\u00e9 rtu\u0165 vyu\u017e\u00edvat<\/strong>.<\/li>\n<\/ul>\n\n\n\n<h3 class=\"wp-block-heading has-medium-font-size\"><strong>Dopady na firmy \u2013 jak se p\u0159ipravit na zm\u011bny?<\/strong><\/h3>\n\n\n\n<p>Firmy mus\u00ed&nbsp;<strong>aktivn\u011b sledovat zm\u011bny v regulac\u00edch<\/strong>&nbsp;a zajistit, \u017ee jejich produkty spl\u0148uj\u00ed po\u017eadavky Sm\u011brnice RoHS. K tomu pat\u0159\u00ed:<\/p>\n\n\n\n<ul class=\"wp-block-list\">\n<li><strong>Spr\u00e1vn\u00e1 kategorizace v\u00fdrobk\u016f<\/strong>&nbsp;dle pravidel Sm\u011brnice RoHS.<\/li>\n\n\n\n<li><strong>Identifikace legislativn\u00edch v\u00fdjimek<\/strong>&nbsp;a jejich \u010dasov\u00e9ho omezen\u00ed.<\/li>\n\n\n\n<li><strong>Hled\u00e1n\u00ed vhodn\u00fdch alternativ<\/strong>&nbsp;pro nahrazen\u00ed rtuti a dal\u0161\u00edch omezen\u00fdch l\u00e1tek.<\/li>\n\n\n\n<li><strong>\u0158\u00edzen\u00ed chemick\u00fdch l\u00e1tek<\/strong>&nbsp;v dodavatelsk\u00e9m \u0159et\u011bzci.<\/li>\n<\/ul>\n\n\n\n<p>Pokud firmy&nbsp;<strong>nespln\u00ed nov\u00e9 po\u017eadavky<\/strong>, nebudou moci sv\u00e9 produkty&nbsp;<strong>uv\u00e1d\u011bt na trh EU<\/strong>.<\/p>\n\n\n\n<h3 class=\"wp-block-heading has-medium-font-size\"><strong>Jak v\u00e1m m\u016f\u017ee pomoci Sources-Matter?<\/strong><\/h3>\n\n\n\n<p>Company&nbsp;<strong>Sources-Matter<\/strong>&nbsp;nab\u00edz\u00ed odbornou podporu v oblasti:<\/p>\n\n\n\n<ul class=\"wp-block-list\">\n<li><strong>Kategorizace v\u00fdrobk\u016f<\/strong>&nbsp;podle Sm\u011brnice RoHS.<\/li>\n\n\n\n<li><strong>Anal\u00fdzy legislativn\u00edch v\u00fdjimek<\/strong>&nbsp;a jejich spr\u00e1vn\u00e9ho uplatn\u011bn\u00ed.<\/li>\n\n\n\n<li><strong>Zaveden\u00ed syst\u00e9m\u016f \u0159\u00edzen\u00ed chemick\u00fdch l\u00e1tek<\/strong>&nbsp;ve v\u00fdrobc\u00edch.<\/li>\n\n\n\n<li><strong>Identifikace rizik a hodnocen\u00ed dodavatelsk\u00fdch \u0159et\u011bzc\u016f<\/strong>.<\/li>\n<\/ul>\n\n\n\n<p>D\u00edky na\u0161im slu\u017eb\u00e1m se m\u016f\u017eete&nbsp;<strong>bez obav orientovat v regulac\u00edch<\/strong>&nbsp;a zajistit, \u017ee v\u00e1\u0161 produkt&nbsp;<strong>spl\u0148uje po\u017eadavky EU<\/strong>.<\/p>\n\n\n\n<p><strong>Sledujte n\u00e1s na LinkedIn<\/strong>:\u00a0<a href=\"https:\/\/www.linkedin.com\/company\/sources-matter\" target=\"_blank\" rel=\"noopener\">Sources-Matter LinkedIn<\/a><\/p>\n\n\n\n<p class=\"has-link-color wp-elements-483a1685ae788c8795c9f39ead0fb7c7\"><strong>Contact us<\/strong>:\u00a0<a href=\"https:\/\/sources-matter.com\/en\/contact\/\">Sources-Matter web<\/a><\/p>","protected":false},"excerpt":{"rendered":"<p>Evropsk\u00e1 komise ozn\u00e1mila, \u017ee v\u00edt\u00e1 p\u0159edb\u011b\u017enou politickou dohodu dosa\u017eenou mezi Evropsk\u00fdm parlamentem a Radou ohledn\u011b revize&nbsp;Na\u0159\u00edzen\u00ed o rtuti. Tato dohoda p\u0159edstavuje kl\u00ed\u010dov\u00fd krok k ochran\u011b lidsk\u00e9ho zdrav\u00ed a \u017eivotn\u00edho prost\u0159ed\u00ed v EU a pom\u00e1h\u00e1 splnit z\u00e1vazky v r\u00e1mci&nbsp;Evropsk\u00e9ho Green Dealu,&nbsp;strategie pro udr\u017eitelnost v oblasti chemick\u00fdch l\u00e1teka&nbsp;c\u00edl nulov\u00fdch emis\u00ed. Rtu\u0165 \u2013 nebezpe\u010dn\u00e1 l\u00e1tka ohro\u017euj\u00edc\u00ed zdrav\u00ed i [&hellip;]<\/p>\n","protected":false},"author":1,"featured_media":231142,"comment_status":"closed","ping_status":"open","sticky":false,"template":"","format":"standard","meta":{"_et_pb_use_builder":"","_et_pb_old_content":"","_et_gb_content_width":"","footnotes":""},"categories":[122],"tags":[93],"class_list":["post-2447","post","type-post","status-publish","format-standard","has-post-thumbnail","hentry","category-smernice-rohs","tag-rohs-smernice"],"_links":{"self":[{"href":"https:\/\/sources-matter.com\/en\/wp-json\/wp\/v2\/posts\/2447","targetHints":{"allow":["GET"]}}],"collection":[{"href":"https:\/\/sources-matter.com\/en\/wp-json\/wp\/v2\/posts"}],"about":[{"href":"https:\/\/sources-matter.com\/en\/wp-json\/wp\/v2\/types\/post"}],"author":[{"embeddable":true,"href":"https:\/\/sources-matter.com\/en\/wp-json\/wp\/v2\/users\/1"}],"replies":[{"embeddable":true,"href":"https:\/\/sources-matter.com\/en\/wp-json\/wp\/v2\/comments?post=2447"}],"version-history":[{"count":6,"href":"https:\/\/sources-matter.com\/en\/wp-json\/wp\/v2\/posts\/2447\/revisions"}],"predecessor-version":[{"id":231120,"href":"https:\/\/sources-matter.com\/en\/wp-json\/wp\/v2\/posts\/2447\/revisions\/231120"}],"wp:featuredmedia":[{"embeddable":true,"href":"https:\/\/sources-matter.com\/en\/wp-json\/wp\/v2\/media\/231142"}],"wp:attachment":[{"href":"https:\/\/sources-matter.com\/en\/wp-json\/wp\/v2\/media?parent=2447"}],"wp:term":[{"taxonomy":"category","embeddable":true,"href":"https:\/\/sources-matter.com\/en\/wp-json\/wp\/v2\/categories?post=2447"},{"taxonomy":"post_tag","embeddable":true,"href":"https:\/\/sources-matter.com\/en\/wp-json\/wp\/v2\/tags?post=2447"}],"curies":[{"name":"wp","href":"https:\/\/api.w.org\/{rel}","templated":true}]}}