{"id":232469,"date":"2026-04-17T09:48:02","date_gmt":"2026-04-17T09:48:02","guid":{"rendered":"https:\/\/sources-matter.com\/?p=232469"},"modified":"2026-04-17T09:48:04","modified_gmt":"2026-04-17T09:48:04","slug":"zmeny-legislativy-webinar","status":"publish","type":"post","link":"https:\/\/sources-matter.com\/en\/zmeny-legislativy-webinar\/sources-matter","title":{"rendered":"Webin\u00e1\u0159: Aktu\u00e1ln\u00ed zm\u011bny v produktov\u00e9 legislativ\u011b &#8211; REACH, RoHS, PFAS&#8230;"},"content":{"rendered":"<h2 class=\"wp-block-heading has-medium-font-size\">Z\u00edskejte p\u0159ehled nejd\u016fle\u017eit\u011bj\u0161\u00edch novinek v evropsk\u00e9 produktov\u00e9 legislativ\u011b a zjist\u011bte, jak ovlivn\u00ed va\u0161e podnik\u00e1n\u00ed.<\/h2>\n\n\n\n<p>Webin\u00e1\u0159 je po\u0159\u00e1d\u00e1n pod z\u00e1\u0161titou&nbsp;<a href=\"https:\/\/www.electroindustry.cz\/\" target=\"_blank\" rel=\"noopener\">Elektrotechnick\u00e9 asociace \u010cesk\u00e9 Republiky<\/a><strong>&nbsp;<\/strong>a nab\u00eddne p\u0159ehled nejd\u016fle\u017eit\u011bj\u0161\u00edch novinek v produktov\u00e9 legislativ\u011b se zam\u011b\u0159en\u00edm na povinnosti pro v\u00fdrobce elektrick\u00fdch a elektronick\u00fdch za\u0159\u00edzen\u00ed (EEZ) a dodavatel\u00e9 komponent do takov\u00fdch za\u0159\u00edzen\u00ed. Webin\u00e1\u0159 uk\u00e1\u017ee, kter\u00e9 zm\u011bny maj\u00ed nejv\u011bt\u0161\u00ed praktick\u00fd dopad a na co je pot\u0159eba se p\u0159ipravit, aby firmy udr\u017eely sv\u00e9 produkty v souladu s aktu\u00e1ln\u00edmi po\u017eadavky pro vstup na trh do EU.<\/p>\n\n\n\n<p>Webin\u00e1\u0159 je zdarma a zam\u011b\u0159\u00ed se na nejnov\u011bj\u0161\u00ed aktualizace souvisej\u00edc\u00ed s n\u00e1sleduj\u00edc\u00ed legislativou:<\/p>\n\n\n\n<ul class=\"wp-block-list\">\n<li>EU Sm\u011brnice RoHS \u2013 aktualizace legislativn\u00edch v\u00fdjimek<\/li>\n\n\n\n<li>EU Na\u0159\u00edzen\u00ed REACH \u2013 SVHC l\u00e1tky v p\u0159edm\u011btech<\/li>\n\n\n\n<li>Oznamovac\u00ed povinnost SCIP \u2013 budoucnost t\u00e9to povinnosti<\/li>\n\n\n\n<li>Omezov\u00e1n\u00ed l\u00e1tek PFAS \u2013 l\u00e1tky, kter\u00e9 nelze p\u0159ehl\u00ed\u017eet<\/li>\n\n\n\n<li>EU Na\u0159\u00edzen\u00ed o bateri\u00edch \u2013 povinnosti n\u00e1le\u017eit\u00e9 p\u00e9\u010de<\/li>\n\n\n\n<li>Konfliktn\u00ed miner\u00e1ly \u2013 povinnosti ro\u010dn\u00edho hl\u00e1\u0161en\u00ed<\/li>\n\n\n\n<li>Dopady pro v\u00fdrobce a firmy v dodavatelsk\u00e9m \u0159et\u011bzci<\/li>\n\n\n\n<li>Dotazy a diskuze\u00a0<\/li>\n<\/ul>\n\n\n\n<p><strong>Term\u00edn webin\u00e1\u0159e: \u00dater\u00fd 28. dubna 2026 od 10:00<\/strong><\/p>\n\n\n\n<p><strong>\u00da\u010dast na webin\u00e1\u0159i je zdarma.<\/strong>\u00a0<strong>Registrovan\u00ed \u00fa\u010dastn\u00edci z\u00edskaj\u00ed po skon\u010den\u00ed webin\u00e1\u0159e p\u0159\u00edstup k videoz\u00e1znamu.<\/strong><\/p>\n\n\n\n<p><strong>Registrovat se m\u016f\u017eete <a href=\"https:\/\/events.teams.microsoft.com\/event\/d025a562-8b6c-4119-8cd3-70ba103d97ca@29e6b44a-74ee-4cfa-a496-475ee17a7856\" target=\"_blank\" rel=\"noopener\">zde<\/a><\/strong><\/p>","protected":false},"excerpt":{"rendered":"<p>Z\u00edskejte p\u0159ehled nejd\u016fle\u017eit\u011bj\u0161\u00edch novinek v evropsk\u00e9 produktov\u00e9 legislativ\u011b a zjist\u011bte, jak ovlivn\u00ed va\u0161e podnik\u00e1n\u00ed. Webin\u00e1\u0159 je po\u0159\u00e1d\u00e1n pod z\u00e1\u0161titou&nbsp;Elektrotechnick\u00e9 asociace \u010cesk\u00e9 Republiky&nbsp;a nab\u00eddne p\u0159ehled nejd\u016fle\u017eit\u011bj\u0161\u00edch novinek v produktov\u00e9 legislativ\u011b se zam\u011b\u0159en\u00edm na povinnosti pro v\u00fdrobce elektrick\u00fdch a elektronick\u00fdch za\u0159\u00edzen\u00ed (EEZ) a dodavatel\u00e9 komponent do takov\u00fdch za\u0159\u00edzen\u00ed. Webin\u00e1\u0159 uk\u00e1\u017ee, kter\u00e9 zm\u011bny maj\u00ed nejv\u011bt\u0161\u00ed praktick\u00fd dopad a [&hellip;]<\/p>\n","protected":false},"author":1,"featured_media":232470,"comment_status":"closed","ping_status":"closed","sticky":false,"template":"","format":"standard","meta":{"_et_pb_use_builder":"off","_et_pb_old_content":"","_et_gb_content_width":"","footnotes":""},"categories":[1],"tags":[],"class_list":["post-232469","post","type-post","status-publish","format-standard","has-post-thumbnail","hentry","category-uncategorized"],"_links":{"self":[{"href":"https:\/\/sources-matter.com\/en\/wp-json\/wp\/v2\/posts\/232469","targetHints":{"allow":["GET"]}}],"collection":[{"href":"https:\/\/sources-matter.com\/en\/wp-json\/wp\/v2\/posts"}],"about":[{"href":"https:\/\/sources-matter.com\/en\/wp-json\/wp\/v2\/types\/post"}],"author":[{"embeddable":true,"href":"https:\/\/sources-matter.com\/en\/wp-json\/wp\/v2\/users\/1"}],"replies":[{"embeddable":true,"href":"https:\/\/sources-matter.com\/en\/wp-json\/wp\/v2\/comments?post=232469"}],"version-history":[{"count":1,"href":"https:\/\/sources-matter.com\/en\/wp-json\/wp\/v2\/posts\/232469\/revisions"}],"predecessor-version":[{"id":232471,"href":"https:\/\/sources-matter.com\/en\/wp-json\/wp\/v2\/posts\/232469\/revisions\/232471"}],"wp:featuredmedia":[{"embeddable":true,"href":"https:\/\/sources-matter.com\/en\/wp-json\/wp\/v2\/media\/232470"}],"wp:attachment":[{"href":"https:\/\/sources-matter.com\/en\/wp-json\/wp\/v2\/media?parent=232469"}],"wp:term":[{"taxonomy":"category","embeddable":true,"href":"https:\/\/sources-matter.com\/en\/wp-json\/wp\/v2\/categories?post=232469"},{"taxonomy":"post_tag","embeddable":true,"href":"https:\/\/sources-matter.com\/en\/wp-json\/wp\/v2\/tags?post=232469"}],"curies":[{"name":"wp","href":"https:\/\/api.w.org\/{rel}","templated":true}]}}