{"id":232465,"date":"2026-03-12T19:13:46","date_gmt":"2026-03-12T19:13:46","guid":{"rendered":"https:\/\/sources-matter.com\/?p=232465"},"modified":"2026-04-15T19:21:03","modified_gmt":"2026-04-15T19:21:03","slug":"pfas-v-eu-regulace-omezeni-reach","status":"publish","type":"post","link":"https:\/\/sources-matter.com\/en\/pfas-v-eu-regulace-omezeni-reach\/sources-matter","title":{"rendered":"PFAS v EU: v\u00fdvoj regulace, n\u00e1vrh omezen\u00ed a aktu\u00e1ln\u00ed stav legislativy REACH"},"content":{"rendered":"<p>PFAS (per- a polyfluorovan\u00e9 l\u00e1tky), \u010dasto ozna\u010dovan\u00e9 jako \u201ev\u011b\u010dn\u00e9 chemik\u00e1lie\u201c, pat\u0159\u00ed mezi nejdiskutovan\u011bj\u0161\u00ed skupiny l\u00e1tek v EU. Jejich regulace se vyv\u00edj\u00ed ji\u017e n\u011bkolik let a dnes sm\u011b\u0159uje k jednomu z nejambici\u00f3zn\u011bj\u0161\u00edch omezen\u00ed v historii evropsk\u00e9 chemick\u00e9 legislativy. Jak se tento proces vyv\u00edjel a kde se nach\u00e1z\u00edme dnes?<\/p>\n\n\n\n<h2 class=\"wp-block-heading has-medium-font-size\"><strong>13. ledna 2023: P\u0159edlo\u017een\u00ed n\u00e1vrhu omezen\u00ed PFAS<\/strong> v EU<\/h2>\n\n\n\n<p>Dne 13. ledna 2023 byl agentu\u0159e ECHA p\u0159edlo\u017een n\u00e1vrh na omezen\u00ed PFAS podle na\u0159\u00edzen\u00ed REACH. N\u00e1vrh p\u0159ipravilo N\u011bmecko ve spolupr\u00e1ci s dal\u0161\u00edmi \u010dty\u0159mi st\u00e1ty \u2013 D\u00e1nskem, Nizozemskem, Norskem a \u0160v\u00e9dskem.&nbsp;<\/p>\n\n\n\n<p>Jedn\u00e1 se o jeden z nejrozs\u00e1hlej\u0161\u00edch n\u00e1vrh\u016f omezen\u00ed v historii EU, kter\u00fd se zam\u011b\u0159uje na \u0161irokou skupinu per- a polyfluorovan\u00fdch l\u00e1tek (PFAS). C\u00edlem n\u00e1vrhu je minimalizovat jejich dopad na \u017eivotn\u00ed prost\u0159ed\u00ed a lidsk\u00e9 zdrav\u00ed.<\/p>\n\n\n\n<h2 class=\"wp-block-heading has-medium-font-size\"><strong>22. b\u0159ezna 2023: Zah\u00e1jen\u00ed ve\u0159ejn\u00e9 konzultace<\/strong><\/h2>\n\n\n\n<p>Po kontrole form\u00e1ln\u00ed spr\u00e1vnosti n\u00e1vrhu byla dne 22. b\u0159ezna 2023 zah\u00e1jena \u0161estim\u011bs\u00ed\u010dn\u00ed ve\u0159ejn\u00e1 konzultace. V jej\u00edm r\u00e1mci mohly zainteresovan\u00e9 strany, v\u010detn\u011b pr\u016fmyslu, odborn\u00e9 ve\u0159ejnosti i dal\u0161\u00edch subjekt\u016f, p\u0159edkl\u00e1dat p\u0159ipom\u00ednky k navrhovan\u00e9mu omezen\u00ed PFAS.<\/p>\n\n\n\n<p>Tento krok je kl\u00ed\u010dovou sou\u010d\u00e1st\u00ed procesu podle na\u0159\u00edzen\u00ed REACH a umo\u017e\u0148uje shrom\u00e1\u017edit \u0161irok\u00e9 spektrum informac\u00ed o mo\u017en\u00fdch dopadech navrhovan\u00e9ho omezen\u00ed.<\/p>\n\n\n\n<h2 class=\"wp-block-heading has-medium-font-size\"><strong>b\u0159ezen 2023: Zah\u00e1jen\u00ed hodnocen\u00ed n\u00e1vrhu v\u00fdbory ECHA<\/strong><\/h2>\n\n\n\n<p>V b\u0159eznu 2023 zah\u00e1jily v\u00fdbory agentury ECHA hodnocen\u00ed n\u00e1vrhu omezen\u00ed PFAS. V\u00fdbor pro posuzov\u00e1n\u00ed rizik (RAC) se zam\u011b\u0159il na hodnocen\u00ed rizik spojen\u00fdch s t\u011bmito l\u00e1tkami, zat\u00edmco V\u00fdbor pro socioekonomickou anal\u00fdzu (SEAC) posuzoval dopady n\u00e1vrhu na spole\u010dnost a analyzoval dostupn\u00e9 alternativy.<\/p>\n\n\n\n<p>Sou\u010d\u00e1st\u00ed tohoto procesu je tak\u00e9 60denn\u00ed ve\u0159ejn\u00e1 konzultace k n\u00e1vrhu stanoviska v\u00fdboru SEAC.<\/p>\n\n\n\n<p>Tento krok p\u0159edstavuje posun od samotn\u00e9ho hodnocen\u00ed n\u00e1vrhu k jeho konkr\u00e9tn\u00edm v\u00fdstup\u016fm a jejich dal\u0161\u00edmu projedn\u00e1n\u00ed.<\/p>\n\n\n\n<h2 class=\"wp-block-heading has-medium-font-size\"><strong>b\u0159ezen 2026: Stanovisko RAC a konzultace SEAC<\/strong><\/h2>\n\n\n\n<p>V pr\u016fb\u011bhu b\u0159ezna 2026 p\u0159ijal V\u00fdbor pro posuzov\u00e1n\u00ed rizik (RAC) sv\u00e9 stanovisko k nebezpe\u010dnosti a rizik\u016fm PFAS. Sou\u010dasn\u011b V\u00fdbor pro socioekonomickou anal\u00fdzu (SEAC) zah\u00e1jil 60denn\u00ed ve\u0159ejnou konzultaci k n\u00e1vrhu sv\u00e9ho stanoviska, kter\u00e9 se zam\u011b\u0159uje na dopady navrhovan\u00e9ho omezen\u00ed na spole\u010dnost.<\/p>\n\n\n\n<h2 class=\"wp-block-heading has-medium-font-size\"><strong>konec roku 2026: Stanovisko SEAC a dokon\u010den\u00ed v\u011bdeck\u00e9ho hodnocen\u00ed ECHA<\/strong><\/h2>\n\n\n\n<p>Do konce roku 2026 by m\u011bl V\u00fdbor pro socioekonomickou anal\u00fdzu (SEAC) p\u0159ijmout sv\u00e9 kone\u010dn\u00e9 stanovisko. Jeho p\u0159ijet\u00ed p\u0159edstavuje zavr\u0161en\u00ed v\u011bdeck\u00e9ho hodnocen\u00ed n\u00e1vrhu omezen\u00ed PFAS ze strany agentury ECHA.<\/p>\n\n\n\n<h2 class=\"wp-block-heading has-medium-font-size\"><strong>Dal\u0161\u00ed krok: p\u0159ed\u00e1n\u00ed stanoviska a rozhodov\u00e1n\u00ed na \u00farovni EU<\/strong><\/h2>\n\n\n\n<p>Po p\u0159ijet\u00ed stanovisek v\u00fdbor\u016f ECHA budou tato stanoviska p\u0159ed\u00e1na Evropsk\u00e9 komisi. Ta na jejich z\u00e1klad\u011b p\u0159iprav\u00ed legislativn\u00ed n\u00e1vrh, kter\u00fd bude n\u00e1sledn\u011b projedn\u00e1v\u00e1n \u010dlensk\u00fdmi st\u00e1ty v r\u00e1mci v\u00fdboru REACH.<\/p>\n\n\n\n<p>V pr\u016fb\u011bhu tohoto procesu budou \u010dlensk\u00e9 st\u00e1ty o n\u00e1vrhu hlasovat. P\u0159ed p\u0159ijet\u00edm omezen\u00ed bude n\u00e1vrh rovn\u011b\u017e p\u0159ezkoum\u00e1n Evropsk\u00fdm parlamentem a Radou EU.<\/p>","protected":false},"excerpt":{"rendered":"<p>PFAS (per- a polyfluorovan\u00e9 l\u00e1tky), \u010dasto ozna\u010dovan\u00e9 jako \u201ev\u011b\u010dn\u00e9 chemik\u00e1lie\u201c, pat\u0159\u00ed mezi nejdiskutovan\u011bj\u0161\u00ed skupiny l\u00e1tek v EU. Jejich regulace se vyv\u00edj\u00ed ji\u017e n\u011bkolik let a dnes sm\u011b\u0159uje k jednomu z nejambici\u00f3zn\u011bj\u0161\u00edch omezen\u00ed v historii evropsk\u00e9 chemick\u00e9 legislativy. Jak se tento proces vyv\u00edjel a kde se nach\u00e1z\u00edme dnes? 13. ledna 2023: P\u0159edlo\u017een\u00ed n\u00e1vrhu omezen\u00ed PFAS v [&hellip;]<\/p>\n","protected":false},"author":1,"featured_media":232466,"comment_status":"closed","ping_status":"closed","sticky":false,"template":"","format":"standard","meta":{"_et_pb_use_builder":"off","_et_pb_old_content":"","_et_gb_content_width":"","footnotes":""},"categories":[1],"tags":[],"class_list":["post-232465","post","type-post","status-publish","format-standard","has-post-thumbnail","hentry","category-uncategorized"],"_links":{"self":[{"href":"https:\/\/sources-matter.com\/en\/wp-json\/wp\/v2\/posts\/232465","targetHints":{"allow":["GET"]}}],"collection":[{"href":"https:\/\/sources-matter.com\/en\/wp-json\/wp\/v2\/posts"}],"about":[{"href":"https:\/\/sources-matter.com\/en\/wp-json\/wp\/v2\/types\/post"}],"author":[{"embeddable":true,"href":"https:\/\/sources-matter.com\/en\/wp-json\/wp\/v2\/users\/1"}],"replies":[{"embeddable":true,"href":"https:\/\/sources-matter.com\/en\/wp-json\/wp\/v2\/comments?post=232465"}],"version-history":[{"count":1,"href":"https:\/\/sources-matter.com\/en\/wp-json\/wp\/v2\/posts\/232465\/revisions"}],"predecessor-version":[{"id":232467,"href":"https:\/\/sources-matter.com\/en\/wp-json\/wp\/v2\/posts\/232465\/revisions\/232467"}],"wp:featuredmedia":[{"embeddable":true,"href":"https:\/\/sources-matter.com\/en\/wp-json\/wp\/v2\/media\/232466"}],"wp:attachment":[{"href":"https:\/\/sources-matter.com\/en\/wp-json\/wp\/v2\/media?parent=232465"}],"wp:term":[{"taxonomy":"category","embeddable":true,"href":"https:\/\/sources-matter.com\/en\/wp-json\/wp\/v2\/categories?post=232465"},{"taxonomy":"post_tag","embeddable":true,"href":"https:\/\/sources-matter.com\/en\/wp-json\/wp\/v2\/tags?post=232465"}],"curies":[{"name":"wp","href":"https:\/\/api.w.org\/{rel}","templated":true}]}}