{"id":232462,"date":"2026-03-31T19:07:29","date_gmt":"2026-03-31T19:07:29","guid":{"rendered":"https:\/\/sources-matter.com\/?p=232462"},"modified":"2026-04-15T19:12:36","modified_gmt":"2026-04-15T19:12:36","slug":"evropska-komise-zverejnila-pokyny-k-ppwr-co-znamenaji-pro-firmy","status":"publish","type":"post","link":"https:\/\/sources-matter.com\/en\/evropska-komise-zverejnila-pokyny-k-ppwr-co-znamenaji-pro-firmy\/sources-matter","title":{"rendered":"Evropsk\u00e1 komise zve\u0159ejnila pokyny k PPWR: co znamenaj\u00ed pro firmy?"},"content":{"rendered":"<p>Evropsk\u00e1 komise zve\u0159ejnila\u00a0<a href=\"https:\/\/environment.ec.europa.eu\/document\/download\/02cef414-20f1-4871-8d58-3e0d7bc39c5c_en?filename=Communication%20to%20the%20Commission_Approval%20of%20the%20draft%20Commission%20Notice%20on%20the%20Guidance%20document%20for%20Regulation%20EU%20202540%20on%20packaging%20and%20packaging%20waste.pdf\" target=\"_blank\" rel=\"noopener\">nov\u00e9 pokyny<\/a> k implementaci\u00a0<a>Na\u0159\u00edzen\u00ed o obalech a obalov\u00fdch odpadech (PPWR)<\/a>. C\u00edlem je podpo\u0159it jednotn\u00e9 uplat\u0148ov\u00e1n\u00ed pravidel nap\u0159\u00ed\u010d EU a usnadnit firm\u00e1m i \u010dlensk\u00fdm st\u00e1t\u016fm orientaci v nov\u00fdch povinnostech. Dokument reaguje na praktick\u00e9 nejasnosti, kter\u00e9 se objevily po p\u0159ijet\u00ed na\u0159\u00edzen\u00ed, a p\u0159edstavuje d\u016fle\u017eit\u00fd krok k harmonizovan\u00e9mu a efektivn\u011bj\u0161\u00edmu regula\u010dn\u00edmu r\u00e1mci v oblasti obal\u016f.<\/p>\n\n\n\n<h2 class=\"wp-block-heading has-medium-font-size\"><strong>Pro\u010d je PPWR d\u016fle\u017eit\u00e9?<\/strong><\/h2>\n\n\n\n<p>V roce 2023 vyprodukoval ka\u017ed\u00fd Evropan v pr\u016fm\u011bru 178 kg obalov\u00e9ho odpadu. Bez regulatorn\u00edho z\u00e1sahu by mohl tento objem do roku 2030 vzr\u016fst o 19 % oproti roku 2018, p\u0159i\u010dem\u017e plastov\u00fd odpad a\u017e o 46 %. Z\u00e1rove\u0148 firmy \u010del\u00ed v\u00fdznamn\u00e9 administrativn\u00ed z\u00e1t\u011b\u017ei v d\u016fsledku rozd\u00edln\u00fdch n\u00e1rodn\u00edch pravidel mezi \u010dlensk\u00fdmi st\u00e1ty. PPWR m\u00e1 ambici \u0159e\u0161it jak environment\u00e1ln\u00ed dopady obal\u016f, tak i rozt\u0159\u00ed\u0161t\u011bnost legislativy na jednotn\u00e9m trhu.<\/p>\n\n\n\n<h2 class=\"wp-block-heading has-medium-font-size\"><strong>Co nov\u00e9 pokyny up\u0159es\u0148uj\u00ed<\/strong><\/h2>\n\n\n\n<p>Nov\u011b zve\u0159ejn\u011bn\u00fd dokument se zam\u011b\u0159uje na oblasti, kde byl dosud v\u00fdklad nejasn\u00fd nebo nejednotn\u00fd. Mezi kl\u00ed\u010dov\u00e1 up\u0159esn\u011bn\u00ed pat\u0159\u00ed zejm\u00e9na:<\/p>\n\n\n\n<ul class=\"wp-block-list\">\n<li>vymezen\u00ed, kdy je spole\u010dnost pova\u017eov\u00e1na za v\u00fdrobce nebo producenta\u00a0<\/li>\n\n\n\n<li>ur\u010den\u00ed, co spad\u00e1 pod definici obalu\u00a0<\/li>\n\n\n\n<li>omezen\u00ed jednor\u00e1zov\u00fdch obal\u016f\u00a0<\/li>\n\n\n\n<li>uplat\u0148ov\u00e1n\u00ed omezen\u00ed PFAS v obalech p\u0159ich\u00e1zej\u00edc\u00edch do styku s potravinami\u00a0<\/li>\n\n\n\n<li>c\u00edle pro op\u011btovn\u00e9 pou\u017eit\u00ed\u00a0\u00a0<\/li>\n\n\n\n<li>povinnosti v r\u00e1mci roz\u0161\u00ed\u0159en\u00e9 odpov\u011bdnosti v\u00fdrobce (EPR)\u00a0<\/li>\n\n\n\n<li>zav\u00e1d\u011bn\u00ed z\u00e1lohov\u00fdch syst\u00e9m\u016f\u00a0<\/li>\n<\/ul>\n\n\n\n<p>Pokyny tak reaguj\u00ed na konkr\u00e9tn\u00ed pot\u0159eby praxe a pom\u00e1haj\u00ed sjednotit v\u00fdklad pravidel nap\u0159\u00ed\u010d \u010dlensk\u00fdmi st\u00e1ty.<\/p>\n\n\n\n<h2 class=\"wp-block-heading has-medium-font-size\"><strong>Role FAQ<\/strong><\/h2>\n\n\n\n<p>Sou\u010d\u00e1st\u00ed publikace je tak\u00e9 dokument \u010dasto kladen\u00fdch dotaz\u016f\u00a0<a href=\"https:\/\/environment.ec.europa.eu\/document\/download\/cfab1eca-1ad0-4782-9434-8bf9b28828af_en\" target=\"_blank\" rel=\"noopener\">(FAQ)<\/a>, kter\u00fd \u0159e\u0161\u00ed \u0161irokou \u0161k\u00e1lu praktick\u00fdch ot\u00e1zek vznesen\u00fdch stakeholdery od p\u0159ijet\u00ed PPWR.<\/p>\n\n\n\n<p>Evropsk\u00e1 komise pl\u00e1nuje tento dokument pr\u016fb\u011b\u017en\u011b aktualizovat. Je v\u0161ak d\u016fle\u017eit\u00e9 zd\u016fraznit, \u017ee pokyny ani FAQ nem\u011bn\u00ed ani nenahrazuj\u00ed samotn\u00e9 zn\u011bn\u00ed na\u0159\u00edzen\u00ed, pouze jej up\u0159es\u0148uj\u00ed.<\/p>\n\n\n\n<h2 class=\"wp-block-heading has-medium-font-size\"><strong>Co bude n\u00e1sledovat<\/strong><\/h2>\n\n\n\n<p>Pokyny budou p\u0159elo\u017eeny do v\u0161ech ofici\u00e1ln\u00edch jazyk\u016f EU a n\u00e1sledn\u011b form\u00e1ln\u011b p\u0159ijaty. Evropsk\u00e1 komise bude z\u00e1rove\u0148 pokra\u010dovat v podpo\u0159e implementace na\u0159\u00edzen\u00ed.<\/p>\n\n\n\n<p>Sou\u010dasn\u011b se p\u0159ipravuj\u00ed prov\u00e1d\u011bc\u00ed a delegovan\u00e9 akty, kter\u00e9 se zam\u011b\u0159\u00ed nap\u0159\u00edklad na:<\/p>\n\n\n\n<ul class=\"wp-block-list\">\n<li>harmonizovan\u00e9 form\u00e1ty registrace a reportingu pro EPR\u00a0<\/li>\n\n\n\n<li>ozna\u010dov\u00e1n\u00ed pro t\u0159\u00edd\u011bn\u00ed odpadu\u00a0<\/li>\n\n\n\n<li>po\u017eadavky na obsah recykl\u00e1tu v plastov\u00fdch obalech\u00a0<\/li>\n\n\n\n<li>krit\u00e9ria recyklovatelnosti\u00a0<\/li>\n<\/ul>\n\n\n\n<p>Tyto akty vznikaj\u00ed v \u00fazk\u00e9 spolupr\u00e1ci s \u010dlensk\u00fdmi st\u00e1ty a dal\u0161\u00edmi stakeholdery.<\/p>\n\n\n\n<h2 class=\"wp-block-heading has-medium-font-size\"><strong>Na\u0159\u00edzen\u00ed PPWR: p\u0159ehled hlavn\u00edch po\u017eadavk\u016f<\/strong><\/h2>\n\n\n\n<p>Na\u0159\u00edzen\u00ed PPWR vstoupilo v platnost 11. \u00fanora 2025. Jeho c\u00edlem je sn\u00ed\u017eit environment\u00e1ln\u00ed dopady obalov\u00e9ho odpadu, harmonizovat pravidla na jednotn\u00e9m trhu a podpo\u0159it rozvoj cirkul\u00e1rn\u00ed ekonomiky.<\/p>\n\n\n\n<p>Mezi hlavn\u00ed opat\u0159en\u00ed pat\u0159\u00ed:<\/p>\n\n\n\n<ul class=\"wp-block-list\">\n<li>omezov\u00e1n\u00ed chemick\u00fdch l\u00e1tek v obalech<\/li>\n\n\n\n<li>povinn\u00e1 recyklovatelnost obal\u016f do roku 2030\u00a0<\/li>\n\n\n\n<li>minim\u00e1ln\u00ed obsah recyklovan\u00e9ho materi\u00e1lu v plastov\u00fdch obalech\u00a0<\/li>\n\n\n\n<li>opat\u0159en\u00ed ke sn\u00ed\u017een\u00ed nadm\u011brn\u00e9ho pou\u017e\u00edv\u00e1n\u00ed obal\u016f\u00a0<\/li>\n<\/ul>\n\n\n\n<p>O\u010dek\u00e1v\u00e1 se, \u017ee tato opat\u0159en\u00ed povedou k v\u00fdrazn\u00e9mu sn\u00ed\u017een\u00ed emis\u00ed sklen\u00edkov\u00fdch plyn\u016f, spot\u0159eby vody i celkov\u00fdch environment\u00e1ln\u00edch n\u00e1klad\u016f v obalov\u00e9m sektoru.<\/p>","protected":false},"excerpt":{"rendered":"<p>Evropsk\u00e1 komise zve\u0159ejnila\u00a0nov\u00e9 pokyny k implementaci\u00a0Na\u0159\u00edzen\u00ed o obalech a obalov\u00fdch odpadech (PPWR). C\u00edlem je podpo\u0159it jednotn\u00e9 uplat\u0148ov\u00e1n\u00ed pravidel nap\u0159\u00ed\u010d EU a usnadnit firm\u00e1m i \u010dlensk\u00fdm st\u00e1t\u016fm orientaci v nov\u00fdch povinnostech. Dokument reaguje na praktick\u00e9 nejasnosti, kter\u00e9 se objevily po p\u0159ijet\u00ed na\u0159\u00edzen\u00ed, a p\u0159edstavuje d\u016fle\u017eit\u00fd krok k harmonizovan\u00e9mu a efektivn\u011bj\u0161\u00edmu regula\u010dn\u00edmu r\u00e1mci v oblasti obal\u016f. Pro\u010d [&hellip;]<\/p>\n","protected":false},"author":1,"featured_media":232463,"comment_status":"closed","ping_status":"closed","sticky":false,"template":"","format":"standard","meta":{"_et_pb_use_builder":"off","_et_pb_old_content":"","_et_gb_content_width":"","footnotes":""},"categories":[1],"tags":[],"class_list":["post-232462","post","type-post","status-publish","format-standard","has-post-thumbnail","hentry","category-uncategorized"],"_links":{"self":[{"href":"https:\/\/sources-matter.com\/en\/wp-json\/wp\/v2\/posts\/232462","targetHints":{"allow":["GET"]}}],"collection":[{"href":"https:\/\/sources-matter.com\/en\/wp-json\/wp\/v2\/posts"}],"about":[{"href":"https:\/\/sources-matter.com\/en\/wp-json\/wp\/v2\/types\/post"}],"author":[{"embeddable":true,"href":"https:\/\/sources-matter.com\/en\/wp-json\/wp\/v2\/users\/1"}],"replies":[{"embeddable":true,"href":"https:\/\/sources-matter.com\/en\/wp-json\/wp\/v2\/comments?post=232462"}],"version-history":[{"count":1,"href":"https:\/\/sources-matter.com\/en\/wp-json\/wp\/v2\/posts\/232462\/revisions"}],"predecessor-version":[{"id":232464,"href":"https:\/\/sources-matter.com\/en\/wp-json\/wp\/v2\/posts\/232462\/revisions\/232464"}],"wp:featuredmedia":[{"embeddable":true,"href":"https:\/\/sources-matter.com\/en\/wp-json\/wp\/v2\/media\/232463"}],"wp:attachment":[{"href":"https:\/\/sources-matter.com\/en\/wp-json\/wp\/v2\/media?parent=232462"}],"wp:term":[{"taxonomy":"category","embeddable":true,"href":"https:\/\/sources-matter.com\/en\/wp-json\/wp\/v2\/categories?post=232462"},{"taxonomy":"post_tag","embeddable":true,"href":"https:\/\/sources-matter.com\/en\/wp-json\/wp\/v2\/tags?post=232462"}],"curies":[{"name":"wp","href":"https:\/\/api.w.org\/{rel}","templated":true}]}}