{"id":232446,"date":"2026-03-29T15:51:23","date_gmt":"2026-03-29T15:51:23","guid":{"rendered":"https:\/\/sources-matter.com\/?p=232446"},"modified":"2026-03-29T15:51:26","modified_gmt":"2026-03-29T15:51:26","slug":"ppwr-a-nova-pravidla-pro-obaly-prihlaste-se-na-nas-webinar","status":"publish","type":"post","link":"https:\/\/sources-matter.com\/en\/ppwr-a-nova-pravidla-pro-obaly-prihlaste-se-na-nas-webinar\/sources-matter","title":{"rendered":"PPWR a nov\u00e1 pravidla pro obaly \u2013 p\u0159ihlaste se na n\u00e1\u0161 webin\u00e1\u0159!"},"content":{"rendered":"<p>PPWR (Packaging and Packaging Waste Regulation) je nov\u00e9 evropsk\u00e9 na\u0159\u00edzen\u00ed o obalech a obalov\u00fdch odpadech, kter\u00e9 z\u00e1sadn\u011b prom\u011bn\u00ed pravidla pro uv\u00e1d\u011bn\u00ed obal\u016f na trh v EU. Jeho c\u00edlem je omezit mno\u017estv\u00ed obalov\u00e9ho odpadu, podpo\u0159it recyklovatelnost, sjednotit po\u017eadavky nap\u0159\u00ed\u010d \u010dlensk\u00fdmi st\u00e1ty a pos\u00edlit p\u0159echod k ob\u011bhov\u00e9mu hospod\u00e1\u0159stv\u00ed. Webin\u00e1\u0159 nab\u00eddne stru\u010dn\u00fd a srozumiteln\u00fd \u00favod do toho, co PPWR p\u0159in\u00e1\u0161\u00ed, pro\u010d je d\u016fle\u017eit\u00e9 se mu v\u011bnovat u\u017e nyn\u00ed a jak\u00e9 dopady m\u016f\u017ee m\u00edt na v\u00fdrobce, dovozce i dal\u0161\u00ed firmy v dodavatelsk\u00e9m \u0159et\u011bzci.<\/p>\n\n\n\n<p><strong>Obsah webin\u00e1\u0159e:<\/strong><\/p>\n\n\n\n<ul class=\"wp-block-list\">\n<li>\u00davod do PPWR a legislativn\u00ed r\u00e1mec&nbsp;<\/li>\n\n\n\n<li>Hlavn\u00ed po\u017eadavky PPWR a jejich \u010dasov\u00e1 osa&nbsp;<\/li>\n\n\n\n<li>Na koho se povinnosti vztahuj\u00ed&nbsp;<\/li>\n\n\n\n<li>L\u00e1tky vzbuzuj\u00edc\u00ed obavy, povinnost ozna\u010dov\u00e1n\u00ed&nbsp;<\/li>\n\n\n\n<li>Prohl\u00e1\u0161en\u00ed o shod\u011b a CE zna\u010den\u00ed<\/li>\n\n\n\n<li>Recyklovatelnost a nov\u00e9 po\u017eadavky na udr\u017eitelnost&nbsp;<\/li>\n\n\n\n<li>Roz\u0161\u00ed\u0159en\u00e1 odpov\u011bdnost v\u00fdrobce v kontextu PPWR&nbsp;<\/li>\n\n\n\n<li>Jak se mohou firmy p\u0159ipravit v praxi&nbsp;<\/li>\n\n\n\n<li>Prostor pro Va\u0161e dotazy<\/li>\n<\/ul>\n\n\n\n<p><strong>Term\u00edn webin\u00e1\u0159e:<\/strong>\u00a0\u00dater\u00fd 14. 4.2026, 10:00 \u2013 11:00<br><strong>Registrace:<\/strong>\u00a0Prost\u0159ednictv\u00edm MS Teams\u00a0&#8211; <a href=\"https:\/\/events.teams.microsoft.com\/event\/49263160-fcc6-4828-b887-20bd2e6a24c1@29e6b44a-74ee-4cfa-a496-475ee17a7856\" target=\"_blank\" rel=\"noopener\">zde<\/a><\/p>\n\n\n\n<p><strong>\u00da\u010dast na webin\u00e1\u0159i je zdarma.<\/strong>&nbsp;<strong>Registrovan\u00ed \u00fa\u010dastn\u00edci z\u00edskaj\u00ed po skon\u010den\u00ed webin\u00e1\u0159e p\u0159\u00edstup k videoz\u00e1znamu.<\/strong><\/p>","protected":false},"excerpt":{"rendered":"<p>PPWR (Packaging and Packaging Waste Regulation) je nov\u00e9 evropsk\u00e9 na\u0159\u00edzen\u00ed o obalech a obalov\u00fdch odpadech, kter\u00e9 z\u00e1sadn\u011b prom\u011bn\u00ed pravidla pro uv\u00e1d\u011bn\u00ed obal\u016f na trh v EU. Jeho c\u00edlem je omezit mno\u017estv\u00ed obalov\u00e9ho odpadu, podpo\u0159it recyklovatelnost, sjednotit po\u017eadavky nap\u0159\u00ed\u010d \u010dlensk\u00fdmi st\u00e1ty a pos\u00edlit p\u0159echod k ob\u011bhov\u00e9mu hospod\u00e1\u0159stv\u00ed. Webin\u00e1\u0159 nab\u00eddne stru\u010dn\u00fd a srozumiteln\u00fd \u00favod do toho, co [&hellip;]<\/p>\n","protected":false},"author":1,"featured_media":232447,"comment_status":"closed","ping_status":"closed","sticky":false,"template":"","format":"standard","meta":{"_et_pb_use_builder":"off","_et_pb_old_content":"","_et_gb_content_width":"","footnotes":""},"categories":[1],"tags":[],"class_list":["post-232446","post","type-post","status-publish","format-standard","has-post-thumbnail","hentry","category-uncategorized"],"_links":{"self":[{"href":"https:\/\/sources-matter.com\/en\/wp-json\/wp\/v2\/posts\/232446","targetHints":{"allow":["GET"]}}],"collection":[{"href":"https:\/\/sources-matter.com\/en\/wp-json\/wp\/v2\/posts"}],"about":[{"href":"https:\/\/sources-matter.com\/en\/wp-json\/wp\/v2\/types\/post"}],"author":[{"embeddable":true,"href":"https:\/\/sources-matter.com\/en\/wp-json\/wp\/v2\/users\/1"}],"replies":[{"embeddable":true,"href":"https:\/\/sources-matter.com\/en\/wp-json\/wp\/v2\/comments?post=232446"}],"version-history":[{"count":2,"href":"https:\/\/sources-matter.com\/en\/wp-json\/wp\/v2\/posts\/232446\/revisions"}],"predecessor-version":[{"id":232455,"href":"https:\/\/sources-matter.com\/en\/wp-json\/wp\/v2\/posts\/232446\/revisions\/232455"}],"wp:featuredmedia":[{"embeddable":true,"href":"https:\/\/sources-matter.com\/en\/wp-json\/wp\/v2\/media\/232447"}],"wp:attachment":[{"href":"https:\/\/sources-matter.com\/en\/wp-json\/wp\/v2\/media?parent=232446"}],"wp:term":[{"taxonomy":"category","embeddable":true,"href":"https:\/\/sources-matter.com\/en\/wp-json\/wp\/v2\/categories?post=232446"},{"taxonomy":"post_tag","embeddable":true,"href":"https:\/\/sources-matter.com\/en\/wp-json\/wp\/v2\/tags?post=232446"}],"curies":[{"name":"wp","href":"https:\/\/api.w.org\/{rel}","templated":true}]}}