{"id":232350,"date":"2026-02-27T12:01:00","date_gmt":"2026-02-27T12:01:00","guid":{"rendered":"https:\/\/sources-matter.com\/?p=232350"},"modified":"2026-03-22T06:20:54","modified_gmt":"2026-03-22T06:20:54","slug":"ppwr-narizeni-obaly-odpad","status":"publish","type":"post","link":"https:\/\/sources-matter.com\/en\/ppwr-narizeni-obaly-odpad\/sources-matter","title":{"rendered":"PPWR: Na\u0159\u00edzen\u00ed o obalech a obalov\u00fdch odpadech u\u017e nen\u00ed jen o odpov\u011bdnosti v\u00fdrobce"},"content":{"rendered":"<p>Evropsk\u00e1 unie dlouhodob\u011b usiluje o sn\u00ed\u017een\u00ed environment\u00e1ln\u00edch dopad\u016f obal\u016f a obalov\u00fdch odpad\u016f. Jedn\u00edm z kl\u00ed\u010dov\u00fdch krok\u016f je nov\u00e9 <a href=\"https:\/\/eur-lex.europa.eu\/eli\/reg\/2025\/40\/oj\" target=\"_blank\" rel=\"noopener\">na\u0159\u00edzen\u00ed o obalech a obalov\u00e9ho odpadu<\/a> (Packaging and Packaging Waste Regulation \u2013 PPWR), kter\u00e9 vstoupilo v platnost 11. \u00fanora 2025 a v\u011bt\u0161ina jeho ustanoven\u00ed za\u010dne b\u00fdt povinn\u011b uplat\u0148ov\u00e1na od 12. srpna 2026.<\/p>\n\n\n\n<p>PPWR nahrazuje dosavadn\u00ed&nbsp;<strong>sm\u011brnici o obalech z roku 1994<\/strong>. Na rozd\u00edl od sm\u011brnice, kter\u00e1 stanovovala pouze c\u00edle pro \u010dlensk\u00e9 st\u00e1ty, je na\u0159\u00edzen\u00ed p\u0159\u00edmo pou\u017eiteln\u00e9 ve v\u0161ech zem\u00edch EU a zav\u00e1d\u00ed jednotn\u00e1 pravidla pro cel\u00fd evropsk\u00fd trh.<\/p>\n\n\n\n<p>PPWR je sou\u010d\u00e1st\u00ed \u0161ir\u0161\u00ed strategie EU sm\u011b\u0159uj\u00edc\u00ed k cirkul\u00e1rn\u00ed ekonomice, zejm\u00e9na v r\u00e1mci Evropsk\u00e9 zelen\u00e9 dohody a Ak\u010dn\u00edho pl\u00e1nu pro ob\u011bhov\u00e9 hospod\u00e1\u0159stv\u00ed z roku 2020. Obaly toti\u017e p\u0159edstavuj\u00ed v\u00fdznamnou \u010d\u00e1st odpadu v EU \u2013 p\u0159ibli\u017en\u011b 40 % plast\u016f a 50 % pap\u00edru se vyu\u017e\u00edv\u00e1 pr\u00e1v\u011b na obaly.<\/p>\n\n\n\n<p>Na\u0159\u00edzen\u00ed proto stanovuje c\u00edle pro sni\u017eov\u00e1n\u00ed obalov\u00e9ho odpadu, nap\u0159\u00edklad:<\/p>\n\n\n\n<ul class=\"wp-block-list\">\n<li>5 % do roku 2030<\/li>\n\n\n\n<li>10 % do roku 2035 (ve srovn\u00e1n\u00ed s rokem 2018)<\/li>\n<\/ul>\n\n\n\n<h2 class=\"wp-block-heading has-medium-font-size\"><strong>Hlavn\u00ed povinnosti vypl\u00fdvaj\u00edc\u00ed z&nbsp;PPWR<\/strong><\/h2>\n\n\n\n<p>PPWR zav\u00e1d\u00ed \u0159adu nov\u00fdch po\u017eadavk\u016f, kter\u00e9 se budou postupn\u011b uplat\u0148ovat v n\u00e1sleduj\u00edc\u00edch letech. Mezi kl\u00ed\u010dov\u00e9 oblasti pat\u0159\u00ed zejm\u00e9na:<\/p>\n\n\n\n<ol class=\"wp-block-list\">\n<li><strong>Omezov\u00e1n\u00ed chemick\u00fdch l\u00e1tek<\/strong><br>Na\u0159\u00edzen\u00ed v\u00fdrazn\u011b roz\u0161i\u0159uje seznam chemick\u00fdch l\u00e1tek. Mimo aktu\u00e1ln\u00ed omezen\u00ed&nbsp;&nbsp;t\u011b\u017ek\u00fdch kov\u016f se seznam roz\u0161\u00ed\u0159\u00ed seznam tzv.&nbsp;l\u00e1tek vzbuzuj\u00edc\u00edch obavy, kter\u00e9 se budou op\u00edrat o&nbsp;<a href=\"https:\/\/eur-lex.europa.eu\/legal-content\/EN\/TXT\/?uri=CELEX%3A02008R1272-20250901\" target=\"_blank\" rel=\"noopener\">Na\u0159\u00edzen\u00ed CLP<\/a>,&nbsp;PFAS,&nbsp;<a href=\"https:\/\/eur-lex.europa.eu\/legal-content\/EN\/TXT\/?uri=CELEX%3A02019R1021-20260101\" target=\"_blank\" rel=\"noopener\">Na\u0159\u00edzen\u00ed POPs<\/a>,&nbsp;<a href=\"https:\/\/eur-lex.europa.eu\/legal-content\/CS\/ALL\/?uri=celex:32006R1907\" target=\"_blank\" rel=\"noopener\">REACH Regulation<\/a>&nbsp;(SVHC \u2013 l\u00e1tky vzbuzuj\u00edc\u00ed mimo\u0159\u00e1dn\u00e9 obavy \u2013 pozor nezam\u011b\u0148ovat s&nbsp;term\u00ednem&nbsp;v\u00fd\u0161e). Delegovan\u00fd akt d\u00e1le specifikuje l\u00e1tky, kter\u00e9 negativn\u011b ovliv\u0148uj\u00ed recykl\u00e1ty.&nbsp;<\/li>\n<\/ol>\n\n\n\n<ul class=\"wp-block-list\">\n<li><strong>Recyklovatelnost obal\u016f<br><\/strong>Od roku 2030 mus\u00ed b\u00fdt v\u0161echny obaly uv\u00e1d\u011bn\u00e9 na trh EU recyklovateln\u00e9. Recyklovatelnost bude hodnocena pomoc\u00ed t\u0159\u00edd (A\u2013C), p\u0159i\u010dem\u017e od roku 2030 bude vy\u017eadov\u00e1na minim\u00e1ln\u011b t\u0159\u00edda C a od roku 2038 minim\u00e1ln\u011b t\u0159\u00edda B.<\/li>\n<\/ul>\n\n\n\n<ul class=\"wp-block-list\">\n<li><strong>Povinn\u00fd obsah recykl\u00e1tu<\/strong><br>PPWR zav\u00e1d\u00ed minim\u00e1ln\u00ed pod\u00edly recyklovan\u00e9ho plastu v obalech \u2013 p\u0159ibli\u017en\u011b 10\u201335 % do roku 2030 a a\u017e 25\u201365 % do roku 2040.<br><\/li>\n\n\n\n<li><strong>Minimalizace obal\u016f<\/strong><br>Obaly mus\u00ed b\u00fdt navr\u017eeny tak, aby byla minimalizov\u00e1na jejich hmotnost i objem, v\u010detn\u011b omezen\u00ed pr\u00e1zdn\u00e9ho prostoru.<\/li>\n<\/ul>\n\n\n\n<ul class=\"wp-block-list\">\n<li><strong>Opakovan\u00e9 pou\u017eit\u00ed a jednor\u00e1zov\u00e9 obaly<\/strong><br>PPWR stanovuje c\u00edle pro opakovan\u011b pou\u017eiteln\u00e9 obaly a omezuje n\u011bkter\u00e9 jednor\u00e1zov\u00e9 form\u00e1ty.<\/li>\n<\/ul>\n\n\n\n<ul class=\"wp-block-list\">\n<li><strong>Ozna\u010dov\u00e1n\u00ed obal\u016f<\/strong><br>Od roku 2028 budou obaly obsahovat standardizovan\u00e9 informace o materi\u00e1lov\u00e9m slo\u017een\u00ed a pokyny pro t\u0159\u00edd\u011bn\u00ed odpadu.<\/li>\n<\/ul>\n\n\n\n<h2 class=\"wp-block-heading has-medium-font-size\"><strong>Na koho se PPWR vztahuje?<\/strong><\/h2>\n\n\n\n<p>Na\u0159\u00edzen\u00ed se vztahuje na v\u0161echny subjekty, kter\u00e9 uv\u00e1d\u011bj\u00ed obaly \u010di balen\u00e9 v\u00fdrobky na trh EU, bez ohledu na typ obalu, kde je obal vyroben nebo kde s\u00eddl\u00ed zna\u010dka. Povinnosti se tak t\u00fdkaj\u00ed v\u00fdrobc\u016f, dovozc\u016f, distributor\u016f i online prodejc\u016f a vztahuj\u00ed se jak na B2C, tak i B2B prodej.<\/p>\n\n\n\n<h2 class=\"wp-block-heading has-medium-font-size\"><strong>Co by m\u011bly firmy d\u011blat ji\u017e nyn\u00ed?<\/strong><\/h2>\n\n\n\n<p>Firmy by se m\u011bly na nov\u00e9 po\u017eadavky za\u010d\u00edt p\u0159ipravovat s dostate\u010dn\u00fdm p\u0159edstihem. Z\u00e1kladem je audit pou\u017e\u00edvan\u00fdch obal\u016f, identifikace materi\u00e1l\u016f (chemick\u00e9ho slo\u017een\u00ed) a posouzen\u00ed jejich recyklovatelnosti. N\u00e1sledn\u011b je vhodn\u00e9 vyhodnotit rizika a zam\u011b\u0159it se p\u0159edev\u0161\u00edm na obaly, kter\u00e9 mohou b\u00fdt z hlediska nov\u00fdch po\u017eadavk\u016f problematick\u00e9. D\u016fle\u017eit\u00e9 je tak\u00e9 zapojit odborn\u00edky na obalov\u00fd design, dodavatele materi\u00e1l\u016f i specialisty na legislativu a vytvo\u0159it intern\u00ed t\u00fdm pro implementaci PPWR.<\/p>\n\n\n\n<h2 class=\"wp-block-heading has-medium-font-size\"><strong>Jak v\u00e1m m\u016f\u017eeme pomoci?&nbsp;<\/strong><\/h2>\n\n\n\n<p>Pokud si nejste jisti, jak s p\u0159\u00edpravou za\u010d\u00edt, r\u00e1di v\u00e1m pom\u016f\u017eeme s implementac\u00ed t\u011bchto nov\u00fdch strukturovan\u00fdm a prakticky provediteln\u00fdm zp\u016fsobem. Pom\u00e1h\u00e1me taky s&nbsp;mapov\u00e1n\u00edm chemick\u00e9ho slo\u017een\u00ed ve va\u0161ich obalech, tak abyste m\u011bli regulace pod kontrolou a pozd\u011bji v\u011bd\u011bli jak spr\u00e1vn\u011b v\u00fdrobky ozna\u010dit.&nbsp;<\/p>\n\n\n\n<p>Nev\u00e1hejte n\u00e1s <a href=\"https:\/\/sources-matter.com\/en\/kontakt\/\">kontaktovat<\/a> pro konzultaci nebo podporu p\u0159i p\u0159\u00edprav\u011b na nov\u00e9 po\u017eadavky evropsk\u00e9 legislativy v&nbsp;oblasti obal\u016f.<\/p>","protected":false},"excerpt":{"rendered":"<p>Evropsk\u00e1 unie dlouhodob\u011b usiluje o sn\u00ed\u017een\u00ed environment\u00e1ln\u00edch dopad\u016f obal\u016f a obalov\u00fdch odpad\u016f. Jedn\u00edm z kl\u00ed\u010dov\u00fdch krok\u016f je nov\u00e9 na\u0159\u00edzen\u00ed o obalech a obalov\u00e9ho odpadu (Packaging and Packaging Waste Regulation \u2013 PPWR), kter\u00e9 vstoupilo v platnost 11. \u00fanora 2025 a v\u011bt\u0161ina jeho ustanoven\u00ed za\u010dne b\u00fdt povinn\u011b uplat\u0148ov\u00e1na od 12. srpna 2026. PPWR nahrazuje dosavadn\u00ed&nbsp;sm\u011brnici o obalech [&hellip;]<\/p>\n","protected":false},"author":1,"featured_media":232351,"comment_status":"closed","ping_status":"closed","sticky":false,"template":"","format":"standard","meta":{"_et_pb_use_builder":"off","_et_pb_old_content":"","_et_gb_content_width":"","footnotes":""},"categories":[1],"tags":[],"class_list":["post-232350","post","type-post","status-publish","format-standard","has-post-thumbnail","hentry","category-uncategorized"],"_links":{"self":[{"href":"https:\/\/sources-matter.com\/en\/wp-json\/wp\/v2\/posts\/232350","targetHints":{"allow":["GET"]}}],"collection":[{"href":"https:\/\/sources-matter.com\/en\/wp-json\/wp\/v2\/posts"}],"about":[{"href":"https:\/\/sources-matter.com\/en\/wp-json\/wp\/v2\/types\/post"}],"author":[{"embeddable":true,"href":"https:\/\/sources-matter.com\/en\/wp-json\/wp\/v2\/users\/1"}],"replies":[{"embeddable":true,"href":"https:\/\/sources-matter.com\/en\/wp-json\/wp\/v2\/comments?post=232350"}],"version-history":[{"count":3,"href":"https:\/\/sources-matter.com\/en\/wp-json\/wp\/v2\/posts\/232350\/revisions"}],"predecessor-version":[{"id":232428,"href":"https:\/\/sources-matter.com\/en\/wp-json\/wp\/v2\/posts\/232350\/revisions\/232428"}],"wp:featuredmedia":[{"embeddable":true,"href":"https:\/\/sources-matter.com\/en\/wp-json\/wp\/v2\/media\/232351"}],"wp:attachment":[{"href":"https:\/\/sources-matter.com\/en\/wp-json\/wp\/v2\/media?parent=232350"}],"wp:term":[{"taxonomy":"category","embeddable":true,"href":"https:\/\/sources-matter.com\/en\/wp-json\/wp\/v2\/categories?post=232350"},{"taxonomy":"post_tag","embeddable":true,"href":"https:\/\/sources-matter.com\/en\/wp-json\/wp\/v2\/tags?post=232350"}],"curies":[{"name":"wp","href":"https:\/\/api.w.org\/{rel}","templated":true}]}}