{"id":231962,"date":"2026-01-12T17:19:19","date_gmt":"2026-01-12T17:19:19","guid":{"rendered":"https:\/\/sources-matter.com\/?p=231962"},"modified":"2026-03-12T10:02:05","modified_gmt":"2026-03-12T10:02:05","slug":"aktualizace-rohs-vyjimky-prilohy","status":"publish","type":"post","link":"https:\/\/sources-matter.com\/en\/aktualizace-rohs-vyjimky-prilohy\/sources-matter","title":{"rendered":"RoHS v\u00fdjimky v p\u0159\u00edloze III: aktualizace a nov\u00e9 term\u00edny platnosti"},"content":{"rendered":"\n<p>V listopadu 2025 bylo v \u00da\u0159edn\u00edm v\u011bstn\u00edku Evropsk\u00e9 komise zve\u0159ejn\u011bno rozhodnut\u00ed o obnoven\u00ed platnosti n\u011bkolika v\u00fdjimek podle p\u0159\u00edlohy III sm\u011brnice&nbsp;<a href=\"https:\/\/eur-lex.europa.eu\/legal-content\/EN\/TXT\/?uri=CELEX%3A02011L0065-20250101\" target=\"_blank\" rel=\"noopener\">EU RoHS (Restriction of Hazardous Substances).<\/a>&nbsp;Tyto v\u00fdjimky \u2013 konkr\u00e9tn\u011b 7(a), 7(c)-I, 6(a), 6(b) a 6(c) \u2013 jsou kl\u00ed\u010dov\u00e9 pro fungov\u00e1n\u00ed elektronick\u00e9ho pr\u016fmyslu. Tyto zm\u011bny p\u0159edstavuj\u00ed v\u00fdznamn\u00fd z\u00e1sah do oblasti olovnat\u00fdch v\u00fdjimek podle sm\u011brnice RoHS a mohou m\u00edt p\u0159\u00edm\u00fd dopad na \u0161irok\u00e9 spektrum v\u00fdrobc\u016f elektroniky.<\/p>\n\n\n\n<p>Nov\u00e9 aktualizace v\u00fdjimek nabyly \u00fa\u010dinnosti dne 11.12. 2025. Mezi 11. a 16.12.2025 v\u0161ak v\u00fdrobci a pr\u016fmyslov\u00e1 sdru\u017een\u00ed podali nov\u00e9 \u017e\u00e1dosti o obnoven\u00ed, v d\u016fsledku \u010deho\u017e n\u011bkter\u00e9 z p\u016fvodn\u011b stanoven\u00fdch lh\u016ft ukon\u010den\u00ed ji\u017e nejsou rozhoduj\u00edc\u00ed. RoHS v\u00fdjimky, u nich\u017e byla pod\u00e1na \u017e\u00e1dost o obnoven\u00ed, z\u016fst\u00e1vaj\u00ed toti\u017e v platnosti a\u017e do vyd\u00e1n\u00ed rozhodnut\u00ed Evropsk\u00e9 komise, kter\u00e9 bu\u010f stanov\u00ed novou lh\u016ftu, nebo poskytne p\u0159echodn\u00e9 obdob\u00ed v d\u00e9lce 12\u201318 m\u011bs\u00edc\u016f p\u0159ed jejich postupn\u00fdm ukon\u010den\u00edm.<\/p>\n\n\n\n<h2 class=\"wp-block-heading has-medium-font-size\">RoHS v\u00fdjimky: v\u00fdvoj a aktu\u00e1ln\u00ed stav<\/h2>\n\n\n\n<p>Vzhledem k rozsahu a slo\u017eitosti t\u011bchto zm\u011bn je nezbytn\u00e9, aby v\u00fdrobci posoudili jejich vliv na sv\u00e9 v\u00fdrobky. N\u011bkter\u00e9 v\u00fdjimky byly prodlou\u017eeny beze zm\u011bny, jin\u00e9 pokra\u010duj\u00ed v upraven\u00e9 podob\u011b s nov\u011b stanoven\u00fdmi podm\u00ednkami nebo odli\u0161nou dobou platnosti pro konkr\u00e9tn\u00ed pou\u017eit\u00ed, zat\u00edmco \u010d\u00e1st v\u00fdjimek obnovena nebyla. Situaci d\u00e1le komplikuj\u00ed nov\u011b podan\u00e9 \u017e\u00e1dosti o obnoven\u00ed, kter\u00e9 ovliv\u0148uj\u00ed p\u016fvodn\u011b stanoven\u00e9 konce jejich platnosti. N\u00ed\u017ee n\u00e1sleduje p\u0159ehled hlavn\u00edch zm\u011bn:<\/p>\n\n\n\n<h3 class=\"wp-block-heading\" style=\"font-size:18px\">V\u00fdjimka 6(a)<\/h3>\n\n\n\n<p>Tato v\u00fdjimka nebude pro kategorie 8, 9 a 11 d\u00e1le prodlou\u017eena a jej\u00ed platnost v t\u011bchto kategori\u00edch skon\u010d\u00ed 11. prosince 2026. U kategori\u00ed 1\u20137 a 10 ji\u017e d\u0159\u00edve pozbyla \u00fa\u010dinnosti. P\u016fvodn\u00ed v\u00fdjimka 6(a) m\u00e1 b\u00fdt sou\u010dasn\u011b nahrazena dv\u011bma samostatn\u00fdmi v\u00fdjimkami ozna\u010den\u00fdmi 6(a)-I a 6(a)-II. Ty m\u011bly podle rozhodnut\u00ed skon\u010dit 30. \u010dervna 2027, av\u0161ak v sou\u010dasnosti jsou p\u0159edm\u011btem nov\u00e9 \u017e\u00e1dosti o obnoven\u00ed podan\u00e9 dne 16. prosince 2025.<\/p>\n\n\n\n<h3 class=\"wp-block-heading\" style=\"font-size:18px\">V\u00fdjimka 6(b)<\/h3>\n\n\n\n<p>V p\u0159\u00edpad\u011b t\u00e9to v\u00fdjimky nedojde k jej\u00edmu prodlou\u017een\u00ed pro kategorie 8, 9 a 11, p\u0159i\u010dem\u017e jej\u00ed \u00fa\u010dinnost v t\u011bchto kategori\u00edch skon\u010d\u00ed 11. \u010dervna 2027. Pro kategorie 1\u20137 a 10 ji\u017e byla jej\u00ed platnost ukon\u010dena d\u0159\u00edve.<\/p>\n\n\n\n<h3 class=\"wp-block-heading\" style=\"font-size:18px\">V\u00fdjimky 6(b)-I a 6(b)-II<\/h3>\n\n\n\n<p>V p\u0159\u00edpad\u011b v\u00fdjimek 6(b)-I a 6(b)-II se jejich dal\u0161\u00ed prodlou\u017een\u00ed nebude t\u00fdkat kategori\u00ed 1\u20137 a 10. V t\u011bchto kategori\u00edch tedy skon\u010d\u00ed jejich pou\u017eitelnost k 11. prosinci 2026 [6(b)-I], respektive k 11. \u010dervnu 2027 [6(b)-II].<\/p>\n\n\n\n<p>Odli\u0161n\u00e1 situace nast\u00e1v\u00e1 u kategorie 9 (pr\u016fmyslov\u00e1 monitorovac\u00ed a \u0159\u00eddic\u00ed za\u0159\u00edzen\u00ed) a \u010d\u00e1ste\u010dn\u011b i u kategorie 11. V\u00fdjimka 6(b)-I zde z\u016fstane zachov\u00e1na do 30. \u010dervna 2027. V\u00fdjimka 6(b)-II bude pro kategorii 9 platit rovn\u011b\u017e do tohoto data. U kategorie 11 m\u011bla jej\u00ed \u00fa\u010dinnost skon\u010dit ke dni 30. \u010dervna 2027, av\u0161ak aktu\u00e1ln\u011b prob\u00edh\u00e1 \u0159\u00edzen\u00ed o jej\u00edm dal\u0161\u00edm obnoven\u00ed na z\u00e1klad\u011b \u017e\u00e1dosti podan\u00e9 17. prosince 2025.<\/p>\n\n\n\n<p>Nov\u011b byla zavedena tak\u00e9 v\u00fdjimka 6(b)-III. Ta se vztahuje na kategorie 1\u20138, d\u00e1le na kategorii 9 s v\u00fdjimkou pr\u016fmyslov\u00fdch monitorovac\u00edch a \u0159\u00eddic\u00edch za\u0159\u00edzen\u00ed a rovn\u011b\u017e na kategorii 10. P\u016fvodn\u011b m\u011bla tato v\u00fdjimka skon\u010dit dne 30. \u010dervna 2027, av\u0161ak vzhledem k \u017e\u00e1dostem o jej\u00ed obnoven\u00ed podan\u00fdm 11. a 15. prosince 2025 bude jej\u00ed dal\u0161\u00ed trv\u00e1n\u00ed z\u00e1viset na rozhodnut\u00ed Evropsk\u00e9 komise.<\/p>\n\n\n\n<h3 class=\"wp-block-heading\" style=\"font-size:18px\">V\u00fdjimka 6(c)<\/h3>\n\n\n\n<p>A\u010dkoli m\u011bla tato v\u00fdjimka skon\u010dit k 30. \u010dervnu 2027, aktu\u00e1ln\u011b se o jej\u00edm dal\u0161\u00edm pokra\u010dov\u00e1n\u00ed rozhoduje na z\u00e1klad\u011b \u017e\u00e1dosti o obnoven\u00ed podan\u00e9 dne 12. prosince 2025.<\/p>\n\n\n\n<h3 class=\"wp-block-heading\" style=\"font-size:18px\">V\u00fdjimka 7(a)<\/h3>\n\n\n\n<p>Podle p\u016fvodn\u00edho rozhodnut\u00ed m\u011bla v\u00fdjimka 7(a) z\u016fstat beze zm\u011bny \u00fa\u010dinn\u00e1 do 30. \u010dervna 2027. N\u011bkter\u00e1 konkr\u00e9tn\u011bj\u0161\u00ed, u\u017e\u0161\u00ed pou\u017eit\u00ed byla sou\u010dasn\u011b nov\u011b vymezena samostatn\u00fdmi v\u00fdjimkami 7(a)-I a\u017e 7(a)-VII, jejich\u017e platnost byla nastavena do 31. prosince 2027. Situace se v\u0161ak zm\u011bnila, nebo\u0165 dne 12. prosince 2025 byla pod\u00e1na nov\u00e1 \u017e\u00e1dost o obnoven\u00ed v\u00fdjimky 7(a). Tato \u017e\u00e1dost se sou\u010dasn\u011b vztahuje i na v\u00fdjimky 7(a)-I a\u017e 7(a)-VII, kter\u00e9 jsou jej\u00ed sou\u010d\u00e1st\u00ed.<\/p>\n\n\n\n<h3 class=\"wp-block-heading\" style=\"font-size:18px\">V\u00fdjimka 7(c)-I<\/h3>\n\n\n\n<p>U v\u00fdjimky 7(c)-I bylo p\u016fvodn\u011b po\u010d\u00edt\u00e1no s jej\u00edm zachov\u00e1n\u00edm do 30. \u010dervna 2027. N\u011bkter\u00e1 u\u017e\u0161\u00ed pou\u017eit\u00ed byla z\u00e1rove\u0148 vy\u010dlen\u011bna do samostatn\u00fdch v\u00fdjimek 7(c)-V a 7(c)-VI, jejich\u017e platnost byla stanovena a\u017e do 31. prosince 2027. Dne 12. prosince 2025 v\u0161ak byla pod\u00e1na \u017e\u00e1dost o dal\u0161\u00ed p\u0159ezkum a mo\u017en\u00e9 prodlou\u017een\u00ed, p\u0159i\u010dem\u017e tento n\u00e1vrh se vztahuje jak na v\u00fdjimku 7(c)-I, tak i na v\u00fdjimky 7(c)-V a 7(c)-VI.<\/p>\n\n\n\n<h3 class=\"wp-block-heading\" style=\"font-size:18px\">V\u00fdjimka 7(c)-II<\/h3>\n\n\n\n<p>Platnost v\u00fdjimky 7(c)-II m\u011bla skon\u010dit dne 31. prosince 2027. V sou\u010dasnosti je v\u0161ak rovn\u011b\u017e zahrnuta do \u0159\u00edzen\u00ed o obnoven\u00ed veden\u00e9ho v r\u00e1mci \u017e\u00e1dosti t\u00fdkaj\u00edc\u00ed se v\u00fdjimky 7(c)-I.<\/p>\n\n\n\n<p><strong>Ofici\u00e1ln\u00ed zve\u0159ejn\u011bn\u00ed lze nal\u00e9zt na n\u00ed\u017ee uveden\u00fdch odkazech:<\/strong><\/p>\n\n\n\n<p>S\u00e9rie v\u00fdjimek 6(a), 6(b) a 6(c):<\/p>\n\n\n\n<p><a href=\"https:\/\/eur-lex.europa.eu\/legal-content\/en\/TXT\/?uri=CELEX:32025L2364\" target=\"_blank\" rel=\"noopener\">https:\/\/eur-lex.europa.eu\/legal-content\/en\/TXT\/?uri=CELEX:32025L2364<\/a><\/p>\n\n\n\n<p>S\u00e9rie v\u00fdjimek 7(a):<\/p>\n\n\n\n<p><a href=\"https:\/\/eur-lex.europa.eu\/legal-content\/en\/TXT\/?uri=CELEX:32025L1802\" target=\"_blank\" rel=\"noopener\">https:\/\/eur-lex.europa.eu\/legal-content\/en\/TXT\/?uri=CELEX:32025L1802<\/a><\/p>\n\n\n\n<p>S\u00e9rie v\u00fdjimek 7(c):<\/p>\n\n\n\n<p><a href=\"https:\/\/eur-lex.europa.eu\/legal-content\/en\/TXT\/?uri=CELEX:32025L2363\" target=\"_blank\" rel=\"noopener\">https:\/\/eur-lex.europa.eu\/legal-content\/en\/TXT\/?uri=CELEX:32025L2363<\/a><\/p>\n\n\n\n<h2 class=\"wp-block-heading has-medium-font-size\">RoHS v\u00fdjimky: jste mezi dot\u010den\u00fdmi v\u00fdrobci?<\/h2>\n\n\n\n<p>Pokud p\u0159i v\u00fdrob\u011b pou\u017e\u00edv\u00e1te p\u00e1jky obsahuj\u00edc\u00ed olovo, keramick\u00e9 materi\u00e1ly s obsahem olova nebo slitiny, ve kter\u00fdch je olovo p\u0159\u00edtomno jako leguj\u00edc\u00ed prvek, je velmi pravd\u011bpodobn\u00e9, \u017ee se v\u00e1s aktu\u00e1ln\u00ed zm\u011bny t\u00fdkaj\u00ed. \u0158ada v\u00fdjimek \u2013 nap\u0159\u00edklad 7(a), 7(c)-I, 6(a), 6(b) \u010di 6(c) \u2013 sice z\u016fst\u00e1v\u00e1 nad\u00e1le \u00fa\u010dinn\u00e1, jejich dal\u0161\u00ed osud je v\u0161ak nyn\u00ed p\u0159edm\u011btem prob\u00edhaj\u00edc\u00edch \u0159\u00edzen\u00ed o obnoven\u00ed.<\/p>\n\n\n\n<p>P\u016fvodn\u011b zve\u0159ejn\u011bn\u00e9 konce jejich platnosti proto nelze pova\u017eovat za definitivn\u00ed. Po vyd\u00e1n\u00ed nov\u00fdch rozhodnut\u00ed Evropsk\u00e9 komise se mohou zm\u011bnit podm\u00ednky i d\u00e9lka jejich uplatn\u011bn\u00ed, co\u017e m\u016f\u017ee ovlivnit i v\u00e1\u0161 status shody. Spol\u00e9hat se v\u00fdhradn\u011b na p\u016fvodn\u011b zve\u0159ejn\u011bn\u00e9 konce platnosti bez pr\u016fb\u011b\u017en\u00e9ho sledov\u00e1n\u00ed v\u00fdvoje ji\u017e nen\u00ed dostate\u010dn\u00e9.<\/p>\n\n\n\n<h2 class=\"wp-block-heading has-medium-font-size\">Jak udr\u017eet RoHS shodu p\u0159i prob\u00edhaj\u00edc\u00edch zm\u011bn\u00e1ch v\u00fdjimek?<\/h2>\n\n\n\n<p>V situaci, kdy prob\u00edh\u00e1 \u0159ada \u0159\u00edzen\u00ed o obnoven\u00ed v\u00fdjimek a doch\u00e1z\u00ed k jejich dal\u0161\u00edmu \u010dlen\u011bn\u00ed, p\u0159est\u00e1v\u00e1 b\u00fdt ru\u010dn\u00ed sledov\u00e1n\u00ed zm\u011bn dlouhodob\u011b udr\u017eiteln\u00e9. Riziko chyb roste a orientace v aktu\u00e1ln\u00edm stavu je st\u00e1le slo\u017eit\u011bj\u0161\u00ed.<\/p>\n\n\n\n<p>Z\u00e1kladem je m\u00edt k dispozici aktu\u00e1ln\u00ed a ov\u011b\u0159en\u00e9 informace od dodavatel\u016f a aktivn\u011b s nimi komunikovat o vyu\u017e\u00edvan\u00fdch v\u00fdjimk\u00e1ch. Stejn\u011b d\u016fle\u017eit\u00e9 je systematicky sledovat legislativn\u00ed v\u00fdvoj, nov\u00e9 \u017e\u00e1dosti o obnoven\u00ed i zm\u011bny v p\u0159\u00edstupu trhu ke shod\u011b. Nezbytnou sou\u010d\u00e1st\u00ed \u0159\u00edzen\u00ed je tak\u00e9 centralizovan\u00fd n\u00e1stroj nebo proces, kter\u00fd umo\u017en\u00ed kontrolovat platnost \u00fadaj\u016f a v\u010das identifikovat potenci\u00e1ln\u00ed rizika.&nbsp;<\/p>\n\n\n\n<p>Nev\u00edte si rady? Sources-Matter V\u00e1m m\u016f\u017ee s problematikou&nbsp;<a href=\"https:\/\/sources-matter.com\/rohs-eez-esg-legislativa\">RoHS<\/a>&nbsp;kompletn\u011b pomoci.<\/p>\n\n\n\n<p>Posledn\u00ed \u010dl\u00e1nek k tomuto t\u00e9matu k p\u0159e\u010dten\u00ed&nbsp;<a href=\"https:\/\/sources-matter.com\/aktualizace-rohs-vyjimek-publikovana-v-urednim-vestniku-eu\/sources-matter\">zde.<\/a><\/p>\n","protected":false},"excerpt":{"rendered":"<p>V listopadu 2025 bylo v \u00da\u0159edn\u00edm v\u011bstn\u00edku Evropsk\u00e9 komise zve\u0159ejn\u011bno rozhodnut\u00ed o obnoven\u00ed platnosti n\u011bkolika v\u00fdjimek podle p\u0159\u00edlohy III sm\u011brnice&nbsp;EU RoHS (Restriction of Hazardous Substances).&nbsp;Tyto v\u00fdjimky \u2013 konkr\u00e9tn\u011b 7(a), 7(c)-I, 6(a), 6(b) a 6(c) \u2013 jsou kl\u00ed\u010dov\u00e9 pro fungov\u00e1n\u00ed elektronick\u00e9ho pr\u016fmyslu. Tyto zm\u011bny p\u0159edstavuj\u00ed v\u00fdznamn\u00fd z\u00e1sah do oblasti olovnat\u00fdch v\u00fdjimek podle sm\u011brnice RoHS a mohou [&hellip;]<\/p>\n","protected":false},"author":1,"featured_media":231966,"comment_status":"closed","ping_status":"closed","sticky":false,"template":"","format":"standard","meta":{"_et_pb_use_builder":"off","_et_pb_old_content":"","_et_gb_content_width":"","footnotes":""},"categories":[122],"tags":[],"class_list":["post-231962","post","type-post","status-publish","format-standard","has-post-thumbnail","hentry","category-smernice-rohs"],"_links":{"self":[{"href":"https:\/\/sources-matter.com\/en\/wp-json\/wp\/v2\/posts\/231962","targetHints":{"allow":["GET"]}}],"collection":[{"href":"https:\/\/sources-matter.com\/en\/wp-json\/wp\/v2\/posts"}],"about":[{"href":"https:\/\/sources-matter.com\/en\/wp-json\/wp\/v2\/types\/post"}],"author":[{"embeddable":true,"href":"https:\/\/sources-matter.com\/en\/wp-json\/wp\/v2\/users\/1"}],"replies":[{"embeddable":true,"href":"https:\/\/sources-matter.com\/en\/wp-json\/wp\/v2\/comments?post=231962"}],"version-history":[{"count":1,"href":"https:\/\/sources-matter.com\/en\/wp-json\/wp\/v2\/posts\/231962\/revisions"}],"predecessor-version":[{"id":231967,"href":"https:\/\/sources-matter.com\/en\/wp-json\/wp\/v2\/posts\/231962\/revisions\/231967"}],"wp:featuredmedia":[{"embeddable":true,"href":"https:\/\/sources-matter.com\/en\/wp-json\/wp\/v2\/media\/231966"}],"wp:attachment":[{"href":"https:\/\/sources-matter.com\/en\/wp-json\/wp\/v2\/media?parent=231962"}],"wp:term":[{"taxonomy":"category","embeddable":true,"href":"https:\/\/sources-matter.com\/en\/wp-json\/wp\/v2\/categories?post=231962"},{"taxonomy":"post_tag","embeddable":true,"href":"https:\/\/sources-matter.com\/en\/wp-json\/wp\/v2\/tags?post=231962"}],"curies":[{"name":"wp","href":"https:\/\/api.w.org\/{rel}","templated":true}]}}