{"id":231782,"date":"2025-12-20T08:02:00","date_gmt":"2025-12-20T08:02:00","guid":{"rendered":"https:\/\/sources-matter.com\/?p=231782"},"modified":"2026-03-12T10:02:31","modified_gmt":"2026-03-12T10:02:31","slug":"eudr-odklad-2026-2027","status":"publish","type":"post","link":"https:\/\/sources-matter.com\/en\/eudr-odklad-2026-2027\/sources-matter","title":{"rendered":"Evropsk\u00fd parlament odhlasoval dal\u0161\u00ed ro\u010dn\u00ed odklad Na\u0159\u00edzen\u00ed o odles\u0148ov\u00e1n\u00ed (EUDR)"},"content":{"rendered":"<p>Evropsk\u00e1 unie se v posledn\u00edch t\u00fddnech rychle posouv\u00e1 sm\u011brem k ro\u010dn\u00edmu odkladu \u00fa\u010dinnosti na\u0159\u00edzen\u00ed o odles\u0148ov\u00e1n\u00ed (EUDR). Po dlouh\u00fdch jedn\u00e1n\u00edch, kritice i technick\u00fdch pot\u00ed\u017e\u00edch dos\u00e1hly Evropsk\u00fd parlament a Rada EU p\u0159edb\u011b\u017en\u00e9 dohody, kter\u00e1 v\u00fdrazn\u011b m\u011bn\u00ed p\u016fvodn\u00ed harmonogram i n\u011bkter\u00e9 povinnosti vypl\u00fdvaj\u00edc\u00ed z EUDR.&nbsp;<\/p>\n\n\n\n<p>Na\u0159\u00edzen\u00ed m\u011blo za\u010d\u00edt platit u\u017e 30. prosince 2025, av\u0161ak aktu\u00e1ln\u00ed politick\u00e1 shoda sm\u011b\u0159uje k nov\u00e9mu term\u00ednu: 30. prosinci 2026, a pro mikro a mal\u00e9 podniky dokonce k dal\u0161\u00edmu \u0161estim\u011bs\u00ed\u010dn\u00edmu odkladu.&nbsp;<\/p>\n\n\n\n<h2 class=\"wp-block-heading has-medium-font-size\"><strong>D\u016fvody odkladu EUDR<\/strong>&nbsp;<\/h2>\n\n\n\n<p>Evropsk\u00e1 komise ji\u017e v z\u00e1\u0159\u00ed avizovala, \u017ee p\u0159etrv\u00e1vaj\u00ed z\u00e1va\u017en\u00e9 probl\u00e9my s p\u0159\u00edpravou centr\u00e1ln\u00edho IT syst\u00e9mu pro pod\u00e1v\u00e1n\u00ed prohl\u00e1\u0161en\u00ed o n\u00e1le\u017eit\u00e9 p\u00e9\u010di. Bez n\u011bj nen\u00ed mo\u017en\u00e9 proces zav\u00e9st v pln\u00e9m rozsahu.&nbsp;<\/p>\n\n\n\n<p>Obavy v\u0161ak nezazn\u00edvaly pouze z technick\u00e9 oblasti. \u010clensk\u00e9 st\u00e1ty i podniky upozor\u0148ovaly na:&nbsp;<\/p>\n\n\n\n<ul class=\"wp-block-list\">\n<li>n\u00edzkou p\u0159ipravenost dodavatelsk\u00fdch \u0159et\u011bzc\u016f,\u00a0<\/li>\n<\/ul>\n\n\n\n<ul class=\"wp-block-list\">\n<li>vysokou administrativn\u00ed z\u00e1t\u011b\u017e zejm\u00e9na pro mal\u00e9 firmy,\u00a0<\/li>\n<\/ul>\n\n\n\n<ul class=\"wp-block-list\">\n<li>nejasnosti ohledn\u011b datov\u00fdch po\u017eadavk\u016f a\u00a0geolokace,\u00a0<\/li>\n<\/ul>\n\n\n\n<ul class=\"wp-block-list\">\n<li>riziko naru\u0161en\u00ed obchodu u kl\u00ed\u010dov\u00fdch komodit (k\u00e1va, kakao, palmov\u00fd olej, d\u0159evo aj.).\u00a0<\/li>\n<\/ul>\n\n\n\n<p>Politick\u00e1 realita pak ud\u011blala sv\u00e9: v\u011bt\u0161ina v EP (EPP + krajn\u00ed pravice) podpo\u0159ila dal\u0161\u00ed odklad i otev\u0159en\u00ed cesty k revizi EUDR.&nbsp;<\/p>\n\n\n\n<h2 class=\"wp-block-heading has-medium-font-size\"><strong>Co nov\u00e1 p\u0159edb\u011b\u017en\u00e1 dohoda p\u0159in\u00e1\u0161\u00ed?<\/strong>&nbsp;<\/h2>\n\n\n\n<ol start=\"1\" class=\"wp-block-list\">\n<li><strong>Nov\u00e9 term\u00edny \u00fa\u010dinnosti\u00a0<\/strong><\/li>\n<\/ol>\n\n\n\n<ul class=\"wp-block-list\">\n<li>30. prosinec 2026 \u2013 pro st\u0159edn\u00ed a velk\u00e9 provozovatele\u00a0<\/li>\n<\/ul>\n\n\n\n<ul class=\"wp-block-list\">\n<li>30. \u010derven 2027 \u2013 pro mikro a mal\u00e9 provozovatele\u00a0<\/li>\n<\/ul>\n\n\n\n<ol start=\"2\" class=\"wp-block-list\">\n<li><strong>Jednodu\u0161\u0161\u00ed povinnosti v dodavatelsk\u00e9m \u0159et\u011bzci\u00a0<\/strong><\/li>\n<\/ol>\n\n\n\n<ul class=\"wp-block-list\">\n<li>Povinnost podat prohl\u00e1\u0161en\u00ed o n\u00e1le\u017eit\u00e9 p\u00e9\u010di ponese pouze prvn\u00ed provozovatel, kter\u00fd produkt uv\u00e1d\u00ed na trh.\u00a0<\/li>\n<\/ul>\n\n\n\n<ul class=\"wp-block-list\">\n<li>Ostatn\u00ed \u010dl\u00e1nky \u0159et\u011bzce budou uchov\u00e1vat pouze referen\u010dn\u00ed \u010d\u00edslo p\u016fvodn\u00edho prohl\u00e1\u0161en\u00ed.\u00a0<\/li>\n<\/ul>\n\n\n\n<ul class=\"wp-block-list\">\n<li>Pro mikro a mal\u00e9 prim\u00e1rn\u00ed oper\u00e1tory bude existovat jednor\u00e1zov\u00e9 zjednodu\u0161en\u00e9 prohl\u00e1\u0161en\u00ed s p\u0159id\u011blen\u00fdm identifik\u00e1torem pro \u00fa\u010dely sledovatelnosti.\u00a0<\/li>\n<\/ul>\n\n\n\n<ol start=\"3\" class=\"wp-block-list\">\n<li><strong>Revize EUDR u\u017e v\u202froce 2026\u00a0<\/strong><\/li>\n<\/ol>\n\n\n\n<p>Jak Parlament, tak Rada pov\u011b\u0159ily Komisi proveden\u00edm revize zam\u011b\u0159en\u00e9 na administrativn\u00ed z\u00e1t\u011b\u017e:&nbsp;<\/p>\n\n\n\n<ul class=\"wp-block-list\">\n<li>term\u00edn: 30. dubna 2026,\u00a0<\/li>\n<\/ul>\n\n\n\n<ul class=\"wp-block-list\">\n<li>v\u00fdstup: hodnotic\u00ed zpr\u00e1va + p\u0159\u00edpadn\u00fd legislativn\u00ed n\u00e1vrh,\u00a0<\/li>\n<\/ul>\n\n\n\n<ul class=\"wp-block-list\">\n<li>c\u00edl: posoudit dopady p\u0159edev\u0161\u00edm na mal\u00e9 podniky a identifikovat oblasti ke zjednodu\u0161en\u00ed.\u00a0<\/li>\n<\/ul>\n\n\n\n<p>To ale z\u00e1rove\u0148 znamen\u00e1 dal\u0161\u00ed nejistotu, proto\u017ee nen\u00ed z\u0159ejm\u00e9, jak v\u00fdrazn\u011b se pravidla mohou zm\u011bnit.&nbsp;<\/p>\n\n\n\n<h2 class=\"wp-block-heading has-medium-font-size\"><strong>Dopady na firmy<\/strong>&nbsp;<\/h2>\n\n\n\n<p><strong>Kr\u00e1tkodob\u011b: \u00daleva, ale i chaos<\/strong>&nbsp;<\/p>\n\n\n\n<ul class=\"wp-block-list\">\n<li>Firmy z\u00edskaj\u00ed v\u00edce \u010dasu na p\u0159\u00edpravu sv\u00fdch syst\u00e9m\u016f n\u00e1le\u017eit\u00e9 p\u00e9\u010de.\u00a0<\/li>\n<\/ul>\n\n\n\n<ul class=\"wp-block-list\">\n<li>Mnoho spole\u010dnost\u00ed v\u0161ak ji\u017e investovalo do implementace a upozor\u0148uje, \u017ee odklady naru\u0161uj\u00ed investi\u010dn\u00ed jistotu.\u00a0<\/li>\n<\/ul>\n\n\n\n<ul class=\"wp-block-list\">\n<li>\u201cRegulace se m\u016f\u017ee zm\u011bnit d\u0159\u00edve, ne\u017e za\u010dne platit\u201d \u2013 to je aktu\u00e1ln\u00ed realita.\u00a0<\/li>\n<\/ul>\n\n\n\n<p><strong>St\u0159edn\u011bdob\u011b: Zv\u00fd\u0161en\u00e1 nejistota<\/strong>&nbsp;<\/p>\n\n\n\n<ul class=\"wp-block-list\">\n<li>Revize v roce 2026 m\u016f\u017ee z\u00e1sadn\u011b p\u0159ekreslit podobu EUDR.\u00a0<\/li>\n<\/ul>\n\n\n\n<ul class=\"wp-block-list\">\n<li>Nen\u00ed jasn\u00e9, zda bude fin\u00e1ln\u00ed verze jednodu\u0161\u0161\u00ed, nebo naopak p\u0159\u00edsn\u011bj\u0161\u00ed.\u00a0<\/li>\n<\/ul>\n\n\n\n<ul class=\"wp-block-list\">\n<li>Trval\u00e9 zm\u011bny v dodavatelsk\u00fdch \u0159et\u011bzc\u00edch se t\u00edm odkl\u00e1daj\u00ed.\u00a0<\/li>\n<\/ul>\n\n\n\n<p><strong>Dlouhodob\u011b: Dopady na udr\u017eitelnost<\/strong>&nbsp;<\/p>\n\n\n\n<p>EU spot\u0159eba se pod\u00edl\u00ed na zhruba 10&nbsp;% celosv\u011btov\u00e9ho odles\u0148ov\u00e1n\u00ed.&nbsp;<br>Odklad EUDR tak posouv\u00e1 i ambice EU v oblasti klimatick\u00e9 politiky a ochrany biodiverzity.&nbsp;<\/p>\n\n\n\n<p>Dohodu nyn\u00ed mus\u00ed form\u00e1ln\u011b potvrdit jak Evropsk\u00fd parlament, tak Rada, pravd\u011bpodobn\u011b je\u0161t\u011b p\u0159ed koncem roku. Teprve pot\u00e9 vstoup\u00ed zm\u011bny v platnost a nahrad\u00ed sou\u010dasn\u00e9 zn\u011bn\u00ed EUDR. Re\u00e1ln\u00e9 dopady nov\u00e9ho syst\u00e9mu tak bude mo\u017en\u00e9 vyhodnocovat nejd\u0159\u00edve v pr\u016fb\u011bhu roku 2027.&nbsp;<\/p>\n\n\n\n<p>EUDR, kter\u00e9 m\u011blo b\u00fdt jedn\u00edm z pil\u00ed\u0159\u016f evropsk\u00e9 politiky proti odles\u0148ov\u00e1n\u00ed, se pot\u00fdk\u00e1 s dal\u0161\u00edm zpo\u017ed\u011bn\u00edm a nejistotou.&nbsp;Firmy z\u00edsk\u00e1vaj\u00ed v\u00edce \u010dasu, ale p\u0159ich\u00e1zej\u00ed o stabilitu.&nbsp;<br>Ekologick\u00e9 c\u00edle se odsouvaj\u00ed.&nbsp;A Evropsk\u00e1 unie op\u011bt ukazuje, \u017ee bez \u0159\u00e1dn\u00e9 p\u0159\u00edpravy ani dob\u0159e m\u00edn\u011bn\u00e1 legislativa nefunguje.&nbsp;<\/p>\n\n\n\n<p>Pot\u0159ebujete poradit a zjistit, jak se tyto zm\u011bny dot\u00fdkaj\u00ed Va\u0161i spole\u010dnost?&nbsp;<a href=\"https:\/\/sources-matter.com\/en\/eudr-pomoc-s-plnenim-pozadavku\/\" target=\"_blank\" rel=\"noreferrer noopener\">Contact us<\/a>&nbsp;pro v\u00edce informac\u00ed a my V\u00e1m r\u00e1di pom\u016f\u017eeme.&nbsp;<\/p>","protected":false},"excerpt":{"rendered":"<p>Evropsk\u00e1 unie se v posledn\u00edch t\u00fddnech rychle posouv\u00e1 sm\u011brem k ro\u010dn\u00edmu odkladu \u00fa\u010dinnosti na\u0159\u00edzen\u00ed o odles\u0148ov\u00e1n\u00ed (EUDR). Po dlouh\u00fdch jedn\u00e1n\u00edch, kritice i technick\u00fdch pot\u00ed\u017e\u00edch dos\u00e1hly Evropsk\u00fd parlament a Rada EU p\u0159edb\u011b\u017en\u00e9 dohody, kter\u00e1 v\u00fdrazn\u011b m\u011bn\u00ed p\u016fvodn\u00ed harmonogram i n\u011bkter\u00e9 povinnosti vypl\u00fdvaj\u00edc\u00ed z EUDR.&nbsp; Na\u0159\u00edzen\u00ed m\u011blo za\u010d\u00edt platit u\u017e 30. prosince 2025, av\u0161ak aktu\u00e1ln\u00ed politick\u00e1 shoda [&hellip;]<\/p>\n","protected":false},"author":1,"featured_media":231786,"comment_status":"closed","ping_status":"closed","sticky":false,"template":"","format":"standard","meta":{"_et_pb_use_builder":"off","_et_pb_old_content":"","_et_gb_content_width":"","footnotes":""},"categories":[128],"tags":[],"class_list":["post-231782","post","type-post","status-publish","format-standard","has-post-thumbnail","hentry","category-eudr"],"_links":{"self":[{"href":"https:\/\/sources-matter.com\/en\/wp-json\/wp\/v2\/posts\/231782","targetHints":{"allow":["GET"]}}],"collection":[{"href":"https:\/\/sources-matter.com\/en\/wp-json\/wp\/v2\/posts"}],"about":[{"href":"https:\/\/sources-matter.com\/en\/wp-json\/wp\/v2\/types\/post"}],"author":[{"embeddable":true,"href":"https:\/\/sources-matter.com\/en\/wp-json\/wp\/v2\/users\/1"}],"replies":[{"embeddable":true,"href":"https:\/\/sources-matter.com\/en\/wp-json\/wp\/v2\/comments?post=231782"}],"version-history":[{"count":3,"href":"https:\/\/sources-matter.com\/en\/wp-json\/wp\/v2\/posts\/231782\/revisions"}],"predecessor-version":[{"id":231789,"href":"https:\/\/sources-matter.com\/en\/wp-json\/wp\/v2\/posts\/231782\/revisions\/231789"}],"wp:featuredmedia":[{"embeddable":true,"href":"https:\/\/sources-matter.com\/en\/wp-json\/wp\/v2\/media\/231786"}],"wp:attachment":[{"href":"https:\/\/sources-matter.com\/en\/wp-json\/wp\/v2\/media?parent=231782"}],"wp:term":[{"taxonomy":"category","embeddable":true,"href":"https:\/\/sources-matter.com\/en\/wp-json\/wp\/v2\/categories?post=231782"},{"taxonomy":"post_tag","embeddable":true,"href":"https:\/\/sources-matter.com\/en\/wp-json\/wp\/v2\/tags?post=231782"}],"curies":[{"name":"wp","href":"https:\/\/api.w.org\/{rel}","templated":true}]}}