{"id":231758,"date":"2025-11-15T15:06:00","date_gmt":"2025-11-15T15:06:00","guid":{"rendered":"https:\/\/sources-matter.com\/?p=231758"},"modified":"2025-12-12T15:53:49","modified_gmt":"2025-12-12T15:53:49","slug":"pfas-aplikace-a-regulace-seac","status":"publish","type":"post","link":"https:\/\/sources-matter.com\/en\/pfas-aplikace-a-regulace-seac\/sources-matter","title":{"rendered":"PFAS aplikace pod tlakem regulace: co odhaluje n\u00e1vrh SEAC?"},"content":{"rendered":"<p><a href=\"https:\/\/echa.europa.eu\/cs\/home\" target=\"_blank\" rel=\"noreferrer noopener\">Evropsk\u00e1 agentura pro chemick\u00e9 l\u00e1tky (ECHA)<\/a> p\u0159ipravuje rozs\u00e1hl\u00e9 omezen\u00ed PFAS aplikace \u2013 jedno z nejv\u011bt\u0161\u00edch chemick\u00fdch regula\u010dn\u00edch opat\u0159en\u00ed v historii EU. Aby bylo mo\u017en\u00e9 takov\u00fd krok posoudit, je nezbytn\u00e9 detailn\u011b porozum\u011bt tomu, <a href=\"https:\/\/echa.europa.eu\/documents\/10162\/111425157\/draft_use_mapping_pfas_en.pdf\/7e36c9e4-6d41-ee24-e8e6-f2f2f6a1483d#msdynmkt_trackingcontext=e3b9617d-98fa-49d6-9338-856edbc30300\" target=\"_blank\" rel=\"noreferrer noopener\"><strong>kde v\u0161ude se PFAS pou\u017e\u00edvaj\u00ed a jak z\u00e1sadn\u00ed roli hraj\u00ed v jednotliv\u00fdch sektorech ekonomiky<\/strong>.<\/a>\u00a0\u00a0<\/p>\n\n\n\n<p>Dokument poskytuje p\u0159ehled nap\u0159\u00ed\u010d 14 oblastmi, od spot\u0159ebn\u00edch v\u00fdrobk\u016f p\u0159es zdravotnictv\u00ed a\u017e po energetiku, a ukazuje rozsah integrace PFAS v pr\u016fmyslov\u00e9 i spot\u0159ebn\u00ed sf\u00e9\u0159e. Zve\u0159ejn\u011bn\u00e9 informace budou v\u00fdchoz\u00edm podkladem pro ve\u0159ejnou konzultaci pl\u00e1novanou po o\u010dek\u00e1van\u00e9m schv\u00e1len\u00ed n\u00e1vrhu SEAC v roce 2026.&nbsp;<\/p>\n\n\n\n<p>Hlavn\u00edm c\u00edlem je shrom\u00e1\u017edit data, kter\u00e1 pomohou doplnit socio-ekonomickou anal\u00fdzu a vyhodnotit re\u00e1ln\u00e9 dopady p\u0159\u00edpadn\u00fdch omezen\u00ed.&nbsp;&nbsp;<\/p>\n\n\n\n<h3 class=\"wp-block-heading has-medium-font-size\"><strong>Kter\u00e9 PFAS aplikace mohou b\u00fdt navrhovan\u00fdm omezen\u00edm nejv\u00edce ovlivn\u011bny?<\/strong>\u00a0<\/h3>\n\n\n\n<p><strong>Pokovov\u00e1n\u00ed kov\u016f a v\u00fdroba kovov\u00fdch produkt\u016f\u00a0<\/strong><\/p>\n\n\n\n<p>Navrhovan\u00e9 omezen\u00ed m\u016f\u017ee ovlivnit procesy, jako je tvrd\u00e9 a dekorativn\u00ed chromov\u00e1n\u00ed, anodizace \u010di dal\u0161\u00ed povrchov\u00e9 \u00fapravy. PFAS zde p\u0159isp\u00edvaj\u00ed ke stabilit\u011b procesn\u00edch l\u00e1zn\u00ed, kontrole tvorby aerosol\u016f a kvalit\u011b v\u00fdsledn\u00e9ho povlaku.&nbsp;&nbsp;<\/p>\n\n\n\n<p><strong>Zdravotnick\u00e9 prost\u0159edky\u00a0\u00a0<\/strong><\/p>\n\n\n\n<p>Ve zdravotnick\u00fdch prost\u0159edc\u00edch se PFAS pou\u017e\u00edvaj\u00ed v implant\u00e1tech, katetrech, steriliza\u010dn\u00edch plynech i obalov\u00fdch materi\u00e1lech, a to pro zaji\u0161t\u011bn\u00ed chemick\u00e9 odolnosti, stability a dlouhodob\u00e9 funk\u010dnosti. Potenci\u00e1ln\u00ed omezen\u00ed se proto m\u016f\u017ee dotknout jak v\u00fdrobn\u00edch proces\u016f, tak regula\u010dn\u00edch po\u017eadavk\u016f na bezpe\u010dnost a kvalitu.&nbsp;<\/p>\n\n\n\n<p><strong>Maziva\u00a0<\/strong><\/p>\n\n\n\n<p>V segmentu maziv PFAS poskytuj\u00ed tepelnou, oxida\u010dn\u00ed a chemickou stabilitu, kter\u00e1 je z\u00e1sadn\u00ed pro provoz v n\u00e1ro\u010dn\u00fdch podm\u00ednk\u00e1ch. Omezen\u00e1 dostupnost alternativ m\u016f\u017ee m\u00edt dopad na \u017eivotnost za\u0159\u00edzen\u00ed, \u00fadr\u017ebov\u00e9 intervaly i celkovou spolehlivost provozu.&nbsp;<\/p>\n\n\n\n<p><strong>Elektronika a polovodi\u010de\u00a0<\/strong><\/p>\n\n\n\n<p>Elektronika a polovodi\u010de jsou sektorem, kter\u00fd bude do mapov\u00e1n\u00ed dopln\u011bn po fin\u00e1ln\u00edm projedn\u00e1n\u00ed v SEAC. P\u0159esto\u017ee zat\u00edm nejsou v tabulce pln\u011b rozeps\u00e1ny, o\u010dek\u00e1v\u00e1 se, \u017ee p\u016fjde o jednu z nejd\u016fle\u017eit\u011bj\u0161\u00edch kategori\u00ed v nadch\u00e1zej\u00edc\u00edm posouzen\u00ed.&nbsp;<\/p>\n\n\n\n<p>Mapov\u00e1n\u00ed PFAS tak poskytuje kl\u00ed\u010dov\u00e9 podklady pro SEAC p\u0159i ur\u010dov\u00e1n\u00ed toho, kter\u00e9 aplikace mohou b\u00fdt omezen\u00edm nejv\u00edce dot\u010deny a jak\u00e9 po\u017eadavky bude nutn\u00e9 zohlednit v budouc\u00ed regulaci.&nbsp;<\/p>\n\n\n\n<p>Nev\u00edte, ve kter\u00fdch aplikac\u00edch \u010di v\u00fdrobc\u00edch se u PFAS l\u00e1tky nach\u00e1zej\u00ed? <a href=\"https:\/\/sources-matter.com\/en\/pfas-substances-rohs-reach\/\" target=\"_blank\" rel=\"noreferrer noopener\">Contact us<\/a> a nechte si zmapovat V\u00e1\u0161 dodavatelsk\u00fd \u0159et\u011bzec kde mimo konkr\u00e9tn\u00ed l\u00e1tky a aplikace zjist\u00edte tak\u00e9 schodu s\u202faktu\u00e1ln\u00ed legislativou.&nbsp;&nbsp;<\/p>\n\n\n\n<p>P\u0159edchoz\u00ed \u010dl\u00e1nek o PFAS k\u202fp\u0159e\u010dten\u00ed <a href=\"https:\/\/sources-matter.com\/en\/aktualizovany-navrh-omezeni-pfas\/sources-matter\/\" target=\"_blank\" rel=\"noreferrer noopener\">zde.<\/a>&nbsp;<\/p>","protected":false},"excerpt":{"rendered":"<p>Evropsk\u00e1 agentura pro chemick\u00e9 l\u00e1tky (ECHA) p\u0159ipravuje rozs\u00e1hl\u00e9 omezen\u00ed PFAS aplikace \u2013 jedno z nejv\u011bt\u0161\u00edch chemick\u00fdch regula\u010dn\u00edch opat\u0159en\u00ed v historii EU. Aby bylo mo\u017en\u00e9 takov\u00fd krok posoudit, je nezbytn\u00e9 detailn\u011b porozum\u011bt tomu, kde v\u0161ude se PFAS pou\u017e\u00edvaj\u00ed a jak z\u00e1sadn\u00ed roli hraj\u00ed v jednotliv\u00fdch sektorech ekonomiky.\u00a0\u00a0 Dokument poskytuje p\u0159ehled nap\u0159\u00ed\u010d 14 oblastmi, od spot\u0159ebn\u00edch v\u00fdrobk\u016f [&hellip;]<\/p>\n","protected":false},"author":1,"featured_media":231769,"comment_status":"closed","ping_status":"closed","sticky":false,"template":"","format":"standard","meta":{"_et_pb_use_builder":"off","_et_pb_old_content":"","_et_gb_content_width":"","footnotes":""},"categories":[125],"tags":[],"class_list":["post-231758","post","type-post","status-publish","format-standard","has-post-thumbnail","hentry","category-pfas"],"_links":{"self":[{"href":"https:\/\/sources-matter.com\/en\/wp-json\/wp\/v2\/posts\/231758","targetHints":{"allow":["GET"]}}],"collection":[{"href":"https:\/\/sources-matter.com\/en\/wp-json\/wp\/v2\/posts"}],"about":[{"href":"https:\/\/sources-matter.com\/en\/wp-json\/wp\/v2\/types\/post"}],"author":[{"embeddable":true,"href":"https:\/\/sources-matter.com\/en\/wp-json\/wp\/v2\/users\/1"}],"replies":[{"embeddable":true,"href":"https:\/\/sources-matter.com\/en\/wp-json\/wp\/v2\/comments?post=231758"}],"version-history":[{"count":1,"href":"https:\/\/sources-matter.com\/en\/wp-json\/wp\/v2\/posts\/231758\/revisions"}],"predecessor-version":[{"id":231760,"href":"https:\/\/sources-matter.com\/en\/wp-json\/wp\/v2\/posts\/231758\/revisions\/231760"}],"wp:featuredmedia":[{"embeddable":true,"href":"https:\/\/sources-matter.com\/en\/wp-json\/wp\/v2\/media\/231769"}],"wp:attachment":[{"href":"https:\/\/sources-matter.com\/en\/wp-json\/wp\/v2\/media?parent=231758"}],"wp:term":[{"taxonomy":"category","embeddable":true,"href":"https:\/\/sources-matter.com\/en\/wp-json\/wp\/v2\/categories?post=231758"},{"taxonomy":"post_tag","embeddable":true,"href":"https:\/\/sources-matter.com\/en\/wp-json\/wp\/v2\/tags?post=231758"}],"curies":[{"name":"wp","href":"https:\/\/api.w.org\/{rel}","templated":true}]}}