{"id":231731,"date":"2025-10-23T13:47:46","date_gmt":"2025-10-23T13:47:46","guid":{"rendered":"https:\/\/sources-matter.com\/?p=231731"},"modified":"2025-12-12T15:55:13","modified_gmt":"2025-12-12T15:55:13","slug":"zmeny-eudr-2025-implementace","status":"publish","type":"post","link":"https:\/\/sources-matter.com\/en\/zmeny-eudr-2025-implementace\/sources-matter","title":{"rendered":"Aktualizace k EUDR: Nov\u00e9 zm\u011bny a co to znamen\u00e1 pro va\u0161i firmu?"},"content":{"rendered":"<p>Evropsk\u00e1 komise p\u0159edstavila nov\u00fd n\u00e1vrh zm\u011bn t\u00fdkaj\u00edc\u00edch se povinnost\u00ed v r\u00e1mci <a href=\"https:\/\/sources-matter.com\/en\/eudr-pomoc-s-plnenim-pozadavku\/\">na\u0159\u00edzen\u00ed o odles\u0148ov\u00e1n\u00ed (EUDR<\/a>). Tyto zm\u011bny mohou m\u00edt v\u00fdrazn\u00fd dopad na procesy v r\u00e1mci va\u0161\u00ed spole\u010dnosti. Pod\u00edvejme se na kl\u00ed\u010dov\u00e9 aktualizace a co to pro v\u00e1s znamen\u00e1.<\/p>\n\n\n\n<h3 class=\"wp-block-heading has-medium-font-size\"><strong>Prodlou\u017een\u00e1 lh\u016fta pro implementaci EUDR: Co to znamen\u00e1 pro v\u00e1s?<\/strong><\/h3>\n\n\n\n<p>Nov\u00fd n\u00e1vrh prodlu\u017euje lh\u016ftu pro implementaci povinnost\u00ed pro mikro a mal\u00e9 podniky a\u017e do 30. prosince 2026, co\u017e je posun oproti p\u016fvodn\u011b stanoven\u00e9mu term\u00ednu \u010derven 2026. Velk\u00e9 a st\u0159edn\u00ed podniky si v\u0161ak st\u00e1le mus\u00ed splnit v\u0161echny po\u017eadavky do 30. prosince 2025. To poskytuje v\u00edce \u010dasu men\u0161\u00edm firm\u00e1m na p\u0159izp\u016fsoben\u00ed, ale i pro v\u011bt\u0161\u00ed subjekty je d\u016fle\u017eit\u00e9 neot\u00e1let s p\u0159\u00edpravami.<\/p>\n\n\n\n<h3 class=\"wp-block-heading has-medium-font-size\"><strong><strong>Nov\u00e1 kategorie \u201eDownstream operator\u201c v EUDR: Co se m\u011bn\u00ed?<\/strong><\/strong><\/h3>\n\n\n\n<p>S nov\u00fdm n\u00e1vrhem bude vytvo\u0159ena kategorie \u201eDownstream operator\u201c, kter\u00e1 se t\u00fdk\u00e1 subjekt\u016f v dal\u0161\u00edm stupni dodavatelsk\u00e9ho \u0159et\u011bzce. Tyto subjekty, kter\u00e9 nejsou mikro ani mal\u00e9 podniky, ji\u017e nebudou m\u00edt povinnost pod\u00e1vat prohl\u00e1\u0161en\u00ed o n\u00e1le\u017eit\u00e9 p\u00e9\u010di (DDS) pro ka\u017ed\u00fd produkt. Tento krok m\u00e1 za c\u00edl zjednodu\u0161it administrativu a zam\u011b\u0159it se na kl\u00ed\u010dov\u00e9 z\u00fa\u010dastn\u011bn\u00e9 strany v \u0159et\u011bzci.<\/p>\n\n\n\n<h3 class=\"wp-block-heading has-medium-font-size\"><strong>Zjednodu\u0161en\u00fd re\u017eim pro mikro a mal\u00e9 v\u00fdrobce<\/strong><\/h3>\n\n\n\n<p>Mikro a mal\u00e9 prim\u00e1rn\u00ed subjekty v n\u00edzkorizikov\u00fdch zem\u00edch nyn\u00ed budou moci pod\u00e1vat jednor\u00e1zov\u00e9 zjednodu\u0161en\u00e9 prohl\u00e1\u0161en\u00ed nam\u00edsto pod\u00e1v\u00e1n\u00ed DDS pro ka\u017ed\u00fd jednotliv\u00fd produkt. Po pod\u00e1n\u00ed tohoto prohl\u00e1\u0161en\u00ed z\u00edskaj\u00ed trval\u00fd identifik\u00e1tor, kter\u00fd bude sledovat v\u0161echny jejich produkty. Tento krok v\u00fdrazn\u011b zjednodu\u0161\u00ed administrativn\u00ed n\u00e1roky na men\u0161\u00ed v\u00fdrobce.<\/p>\n\n\n\n<h3 class=\"wp-block-heading has-medium-font-size\"><strong>Zjednodu\u0161en\u00e1 sledovatelnost<\/strong><\/h3>\n\n\n\n<p>V r\u00e1mci nov\u00fdch zm\u011bn budou v\u0161echny subjekty v dodavatelsk\u00e9m \u0159et\u011bzci povinny zajistit plnou sledovatelnost ka\u017ed\u00e9ho produktu pomoc\u00ed referen\u010dn\u00edch \u010d\u00edsel a identifik\u00e1tor\u016f. Tento syst\u00e9m sn\u00ed\u017e\u00ed administrativn\u00ed z\u00e1t\u011b\u017e a zajist\u00ed, \u017ee ka\u017ed\u00fd produkt bude snadno sledovateln\u00fd b\u011bhem cel\u00e9ho sv\u00e9ho \u017eivotn\u00edho cyklu.<\/p>\n\n\n\n<h3 class=\"wp-block-heading has-medium-font-size\"><strong><strong>Zachov\u00e1n\u00ed environment\u00e1ln\u00edch standard\u016f i s nov\u00fdmi zm\u011bnami v EUDR<\/strong><\/strong><\/h3>\n\n\n\n<p>I p\u0159es zjednodu\u0161en\u00ed administrativy z\u016fst\u00e1vaj\u00ed kl\u00ed\u010dov\u00e9 c\u00edle na\u0159\u00edzen\u00ed nezm\u011bn\u011bny. Produkty mus\u00ed b\u00fdt vyr\u00e1b\u011bny bez deforestace, leg\u00e1ln\u011b, a mus\u00ed b\u00fdt sledovateln\u00e9 dle geolokace. To st\u00e1le z\u016fst\u00e1v\u00e1 z\u00e1sadn\u00ed podm\u00ednkou pro spln\u011bn\u00ed EUDR povinnost\u00ed.<\/p>\n\n\n\n<h3 class=\"wp-block-heading has-medium-font-size\"><strong>Co se bude d\u00edt d\u00e1l?<\/strong><\/h3>\n\n\n\n<p>Tento n\u00e1vrh nyn\u00ed pokra\u010duje legislativn\u00edm procesem v Evropsk\u00e9m parlamentu a Rad\u011b EU. O\u010dek\u00e1v\u00e1me, \u017ee bude v budoucnu potvrzen a ofici\u00e1ln\u011b implementov\u00e1n. Doporu\u010dujeme sledovat jak\u00e9koli nov\u00e9 informace a pokra\u010dovat v p\u0159\u00edprav\u00e1ch na implementaci EUDR.<\/p>\n\n\n\n<h3 class=\"wp-block-heading has-medium-font-size\"><strong>Co doporu\u010dujeme?<\/strong><\/h3>\n\n\n\n<p>Pokud se chcete ujistit, \u017ee va\u0161e firma bude v\u010das p\u0159ipravena na implementaci EUDR a spln\u00ed v\u0161echny legislativn\u00ed po\u017eadavky, nev\u00e1hejte se obr\u00e1tit na n\u00e1s. <strong><a href=\"https:\/\/sources-matter.com\/en\/\">Sources-Matter<\/a><\/strong>\u00a0nab\u00edz\u00ed komplexn\u00ed poradenstv\u00ed a podporu pro firmy v\u0161ech velikost\u00ed, kter\u00e9 se sna\u017e\u00ed splnit regulace souvisej\u00edc\u00ed s dodavatelsk\u00fdmi \u0159et\u011bzci a udr\u017eitelnost\u00ed. Kontaktujte n\u00e1s je\u0161t\u011b dnes a zjist\u011bte, jak v\u00e1m m\u016f\u017eeme pomoci!<\/p>\n\n\n\n<p><strong>Zaj\u00edm\u00e1 v\u00e1s v\u00edce informac\u00ed? <a href=\"https:\/\/sources-matter.com\/en\/kontakt\/\">Contact us<\/a><\/strong>\u00a0a r\u00e1di v\u00e1m pom\u016f\u017eeme se v\u0161emi aspekty implementace EUDR.<\/p>\n\n\n\n<p>Pro v\u00edce informac\u00ed si p\u0159e\u010dt\u011bte dal\u0161\u00ed \u010dl\u00e1nek na t\u00e9ma EUDR <a href=\"https:\/\/sources-matter.com\/en\/eu-narizeni-o-odlesnovani-eudr\/sources-matter\/\">zde<\/a>.<\/p>","protected":false},"excerpt":{"rendered":"<p>Evropsk\u00e1 komise p\u0159edstavila nov\u00fd n\u00e1vrh zm\u011bn t\u00fdkaj\u00edc\u00edch se povinnost\u00ed v r\u00e1mci na\u0159\u00edzen\u00ed o odles\u0148ov\u00e1n\u00ed (EUDR). Tyto zm\u011bny mohou m\u00edt v\u00fdrazn\u00fd dopad na procesy v r\u00e1mci va\u0161\u00ed spole\u010dnosti. Pod\u00edvejme se na kl\u00ed\u010dov\u00e9 aktualizace a co to pro v\u00e1s znamen\u00e1. Prodlou\u017een\u00e1 lh\u016fta pro implementaci EUDR: Co to znamen\u00e1 pro v\u00e1s? Nov\u00fd n\u00e1vrh prodlu\u017euje lh\u016ftu pro implementaci povinnost\u00ed [&hellip;]<\/p>\n","protected":false},"author":1,"featured_media":231732,"comment_status":"closed","ping_status":"closed","sticky":false,"template":"","format":"standard","meta":{"_et_pb_use_builder":"off","_et_pb_old_content":"","_et_gb_content_width":"","footnotes":""},"categories":[128],"tags":[],"class_list":["post-231731","post","type-post","status-publish","format-standard","has-post-thumbnail","hentry","category-eudr"],"_links":{"self":[{"href":"https:\/\/sources-matter.com\/en\/wp-json\/wp\/v2\/posts\/231731","targetHints":{"allow":["GET"]}}],"collection":[{"href":"https:\/\/sources-matter.com\/en\/wp-json\/wp\/v2\/posts"}],"about":[{"href":"https:\/\/sources-matter.com\/en\/wp-json\/wp\/v2\/types\/post"}],"author":[{"embeddable":true,"href":"https:\/\/sources-matter.com\/en\/wp-json\/wp\/v2\/users\/1"}],"replies":[{"embeddable":true,"href":"https:\/\/sources-matter.com\/en\/wp-json\/wp\/v2\/comments?post=231731"}],"version-history":[{"count":2,"href":"https:\/\/sources-matter.com\/en\/wp-json\/wp\/v2\/posts\/231731\/revisions"}],"predecessor-version":[{"id":231734,"href":"https:\/\/sources-matter.com\/en\/wp-json\/wp\/v2\/posts\/231731\/revisions\/231734"}],"wp:featuredmedia":[{"embeddable":true,"href":"https:\/\/sources-matter.com\/en\/wp-json\/wp\/v2\/media\/231732"}],"wp:attachment":[{"href":"https:\/\/sources-matter.com\/en\/wp-json\/wp\/v2\/media?parent=231731"}],"wp:term":[{"taxonomy":"category","embeddable":true,"href":"https:\/\/sources-matter.com\/en\/wp-json\/wp\/v2\/categories?post=231731"},{"taxonomy":"post_tag","embeddable":true,"href":"https:\/\/sources-matter.com\/en\/wp-json\/wp\/v2\/tags?post=231731"}],"curies":[{"name":"wp","href":"https:\/\/api.w.org\/{rel}","templated":true}]}}