{"id":231728,"date":"2025-10-25T15:28:02","date_gmt":"2025-10-25T15:28:02","guid":{"rendered":"https:\/\/sources-matter.com\/?p=231728"},"modified":"2025-12-12T15:55:05","modified_gmt":"2025-12-12T15:55:05","slug":"dechlorane-plus-zakaz-eu","status":"publish","type":"post","link":"https:\/\/sources-matter.com\/en\/dechlorane-plus-zakaz-eu\/sources-matter","title":{"rendered":"Roz\u0161\u00ed\u0159en\u00ed seznamu POPs: Zpomalova\u010d ho\u0159en\u00ed Dechlorane Plus zak\u00e1z\u00e1n v EU"},"content":{"rendered":"<p>Dne 15. \u0159\u00edjna 2025 vstoupilo v platnost omezen\u00ed l\u00e1tky Dechlorane Plus podle na\u0159\u00edzen\u00ed (EU) 2019\/1021 o perzistentn\u00edch organick\u00fdch zne\u010di\u0161\u0165uj\u00edc\u00edch l\u00e1tk\u00e1ch (POP).&nbsp;&nbsp;\u00daprava nov\u011b zakazuje pou\u017e\u00edv\u00e1n\u00ed, v\u00fdrobu a uv\u00e1d\u011bn\u00ed l\u00e1tky na trh, p\u0159i\u010dem\u017e stanovuje i specifick\u00e9 v\u00fdjimky a p\u0159echodn\u00e1 obdob\u00ed. Opat\u0159en\u00ed navazuje na za\u0159azen\u00ed l\u00e1tky do P\u0159\u00edlohy A Stockholmsk\u00e9 \u00famluvy a napl\u0148uje tak mezin\u00e1rodn\u00ed z\u00e1vazky Evropsk\u00e9 unie.<\/p>\n\n\n\n<h3 class=\"wp-block-heading has-medium-font-size\">Limity pro Dechlorane Plus jako nez\u00e1m\u011brn\u00e9 stopov\u00e9 kontaminuj\u00edc\u00ed l\u00e1tky<\/h3>\n\n\n\n<ul class=\"wp-block-list\">\n<li>koncentrace l\u00e1tky \u2264 1000 mg\/kg (od 15. \u0159\u00edjna 2025)<\/li>\n\n\n\n<li>koncentrace l\u00e1tky \u2264 1 mg\/kg (od 15. dubna 2028)<\/li>\n<\/ul>\n\n\n\n<h3 class=\"wp-block-heading has-medium-font-size\">Odv\u011btv\u00ed s \u010dasov\u011b omezen\u00fdmi v\u00fdjimkami (do 26. \u00fanora 2030)<\/h3>\n\n\n\n<ul class=\"wp-block-list\">\n<li>obrana, letectv\u00ed a kosmonautika<\/li>\n\n\n\n<li>medic\u00ednsk\u00e9 zobrazov\u00e1n\u00ed\u00a0<\/li>\n\n\n\n<li>radioterapeutick\u00e9 prost\u0159edky<\/li>\n<\/ul>\n\n\n\n<p>D\u00e1le plat\u00ed v\u00fdjimky pro n\u00e1hradn\u00ed d\u00edly produkt\u016f, p\u0159i jejich\u017e v\u00fdrob\u011b byl Dechlorane Plus p\u016fvodn\u011b pou\u017eit.<\/p>\n\n\n\n<h2 class=\"wp-block-heading has-medium-font-size\">Kde se Dechlorane Plus vyu\u017e\u00edv\u00e1 a pro\u010d p\u0159edstavuje probl\u00e9m?<\/h2>\n\n\n\n<p>Dechlorane Plus (DP) je technick\u00e1 sm\u011bs obsahuj\u00edc\u00ed dva stereoizomery. B\u011b\u017en\u011b se pou\u017e\u00edv\u00e1 jako chromovan\u00fd zpomalova\u010d ho\u0159en\u00ed v\u00a0lepidlech, tmelech a polymerech.\u00a0<br>Zdaleka nej\u010dast\u011bj\u0161\u00ed uplatn\u011bn\u00ed (70\u201390 % celosv\u011btov\u00e9ho objemu) nach\u00e1z\u00ed v\u00a0automobilov\u00e9m pr\u016fmyslu, prim\u00e1rn\u011b v\u00a0kabelech a vodi\u010d\u00edch motorov\u00fdch vozidel. Dal\u0161\u00ed oblasti vyu\u017eit\u00ed zahrnuj\u00ed:<\/p>\n\n\n\n<ul class=\"wp-block-list\">\n<li>Leteck\u00fd a obrann\u00fd pr\u016fmysl \u2013 nap\u0159. v\u00a0konektorech, sp\u00edna\u010d\u00edch, nap\u00e1jec\u00edch zdroj\u00edch, ve v\u00fdpln\u00edch okraj\u016f vo\u0161tin panelech, oblo\u017een\u00edch a p\u0159\u00ed\u010dk\u00e1ch<\/li>\n\n\n\n<li>Elektrick\u00e1 a elektronick\u00e1 za\u0159\u00edzen\u00ed \u2013 nap\u0159.\u00a0\u00a0v\u00a0pasivn\u00edch sou\u010d\u00e1stk\u00e1ch mobiln\u00edch telefon\u016f, po\u010d\u00edta\u010d\u016f, \u010di ledni\u010dek<\/li>\n\n\n\n<li>Zdravotnictv\u00ed \u2013 zobrazovac\u00ed p\u0159\u00edstroje (rentgeny, CT, ultrazvukov\u00e1 za\u0159\u00edzen\u00ed)<\/li>\n\n\n\n<li>Stavebnictv\u00ed a v\u00fdrobn\u00ed pr\u016fmysl \u2013 nap\u0159. v plastov\u00fdch st\u0159e\u0161n\u00edch krytin\u00e1ch, tapet\u00e1ch, barv\u00e1ch, podlah\u00e1ch, \u010di krytech elektrick\u00e9ho n\u00e1\u0159ad\u00ed<\/li>\n<\/ul>\n\n\n\n<p>V\u00fdsledky&nbsp;monitoringu a \u010detn\u00e9 studie prok\u00e1zaly, \u017ee DP obt\u00ed\u017en\u011b podl\u00e9h\u00e1 degradaci a dlouhodob\u011b p\u0159etrv\u00e1v\u00e1 v&nbsp;\u017eivotn\u00edm prost\u0159ed\u00ed. L\u00e1tka se nav\u00edc se bioakumuluje v&nbsp;\u017eiv\u00fdch organismech a byla detekov\u00e1na i v&nbsp;lidsk\u00e9 tk\u00e1ni, v\u010detn\u011b mate\u0159sk\u00e9ho ml\u00e9ka. Znepokojiv\u00e9 \u00fadaje o celosv\u011btov\u00e9m v\u00fdskytu DP, v\u010detn\u011b Arktidy, Antarktidy a odlehl\u00fdch horsk\u00fdch oblast\u00ed Asie, potvrzuj\u00ed jeho schopnost d\u00e1lkov\u00e9ho transportu. Tyto informace vedly k&nbsp;rozhodnut\u00ed p\u0159ijmout glob\u00e1ln\u00ed opat\u0159en\u00ed v&nbsp;r\u00e1mci Stockholmsk\u00e9 \u00famluvy.&nbsp;<\/p>\n\n\n\n<h3 class=\"wp-block-heading has-medium-font-size\">Doporu\u010den\u00ed pro firmy<\/h3>\n\n\n\n<p>Z\u00e1kaz DP p\u0159edstavuje pro firmy v\u00fdzvu v&nbsp;podob\u011b p\u0159ezkoum\u00e1n\u00ed sv\u00e9ho portfolia a identifikace dot\u010den\u00fdch produkt\u016f, nutnosti aktualizovat materi\u00e1lov\u00e9 deklarace a zajistit shodu s&nbsp;nov\u00fdm na\u0159\u00edzen\u00edm (dodr\u017eov\u00e1n\u00edm stanoven\u00fdch limit\u016f, pou\u017e\u00edv\u00e1n\u00edm bezpe\u010dn\u011bj\u0161\u00edch alternativ, ov\u011b\u0159en\u00edm aktu\u00e1ln\u00edch v\u00fdjimek)<\/p>\n\n\n\n<p>Nejste si jisti, jak postupovat k zaji\u0161t\u011bn\u00ed souladu s\u00a0na\u0159\u00edzen\u00edm POP nebo zda se na v\u00e1s vztahuj\u00ed z\u00e1konn\u00e9 v\u00fdjimky? Pom\u016f\u017eeme v\u00e1m posoudit shodu produkt\u016f s\u00a0legislativn\u00edmi po\u017eadavky a navrhnout vhodn\u00e1 \u0159e\u0161en\u00ed.\u00a0<a href=\"https:\/\/sources-matter.com\/en\/kontakt\/\">Contact us<\/a>\u00a0pro nez\u00e1vaznou konzultaci.\u00a0<\/p>\n\n\n\n<p>P\u0159e\u010dt\u011bte si tak\u00e9 p\u0159edchoz\u00ed \u010dl\u00e1nek t\u00fdkaj\u00edc\u00ed se na\u0159\u00edzen\u00ed POPs &#8211; <a href=\"https:\/\/sources-matter.com\/en\/zakaz-pouzivani-uv-328\/sources-matter\/\">Z\u00e1kaz v\u00fdroby, pou\u017eit\u00ed a obchodov\u00e1n\u00ed s l\u00e1tkou UV-328<\/a><\/p>","protected":false},"excerpt":{"rendered":"<p>Dne 15. \u0159\u00edjna 2025 vstoupilo v platnost omezen\u00ed l\u00e1tky Dechlorane Plus podle na\u0159\u00edzen\u00ed (EU) 2019\/1021 o perzistentn\u00edch organick\u00fdch zne\u010di\u0161\u0165uj\u00edc\u00edch l\u00e1tk\u00e1ch (POP).&nbsp;&nbsp;\u00daprava nov\u011b zakazuje pou\u017e\u00edv\u00e1n\u00ed, v\u00fdrobu a uv\u00e1d\u011bn\u00ed l\u00e1tky na trh, p\u0159i\u010dem\u017e stanovuje i specifick\u00e9 v\u00fdjimky a p\u0159echodn\u00e1 obdob\u00ed. Opat\u0159en\u00ed navazuje na za\u0159azen\u00ed l\u00e1tky do P\u0159\u00edlohy A Stockholmsk\u00e9 \u00famluvy a napl\u0148uje tak mezin\u00e1rodn\u00ed z\u00e1vazky Evropsk\u00e9 unie. [&hellip;]<\/p>\n","protected":false},"author":1,"featured_media":231729,"comment_status":"closed","ping_status":"closed","sticky":false,"template":"","format":"standard","meta":{"_et_pb_use_builder":"off","_et_pb_old_content":"","_et_gb_content_width":"","footnotes":""},"categories":[126],"tags":[],"class_list":["post-231728","post","type-post","status-publish","format-standard","has-post-thumbnail","hentry","category-narizeni-pops"],"_links":{"self":[{"href":"https:\/\/sources-matter.com\/en\/wp-json\/wp\/v2\/posts\/231728","targetHints":{"allow":["GET"]}}],"collection":[{"href":"https:\/\/sources-matter.com\/en\/wp-json\/wp\/v2\/posts"}],"about":[{"href":"https:\/\/sources-matter.com\/en\/wp-json\/wp\/v2\/types\/post"}],"author":[{"embeddable":true,"href":"https:\/\/sources-matter.com\/en\/wp-json\/wp\/v2\/users\/1"}],"replies":[{"embeddable":true,"href":"https:\/\/sources-matter.com\/en\/wp-json\/wp\/v2\/comments?post=231728"}],"version-history":[{"count":1,"href":"https:\/\/sources-matter.com\/en\/wp-json\/wp\/v2\/posts\/231728\/revisions"}],"predecessor-version":[{"id":231730,"href":"https:\/\/sources-matter.com\/en\/wp-json\/wp\/v2\/posts\/231728\/revisions\/231730"}],"wp:featuredmedia":[{"embeddable":true,"href":"https:\/\/sources-matter.com\/en\/wp-json\/wp\/v2\/media\/231729"}],"wp:attachment":[{"href":"https:\/\/sources-matter.com\/en\/wp-json\/wp\/v2\/media?parent=231728"}],"wp:term":[{"taxonomy":"category","embeddable":true,"href":"https:\/\/sources-matter.com\/en\/wp-json\/wp\/v2\/categories?post=231728"},{"taxonomy":"post_tag","embeddable":true,"href":"https:\/\/sources-matter.com\/en\/wp-json\/wp\/v2\/tags?post=231728"}],"curies":[{"name":"wp","href":"https:\/\/api.w.org\/{rel}","templated":true}]}}