{"id":231695,"date":"2025-09-18T09:09:27","date_gmt":"2025-09-18T09:09:27","guid":{"rendered":"https:\/\/sources-matter.com\/?p=231695"},"modified":"2025-10-17T12:36:24","modified_gmt":"2025-10-17T12:36:24","slug":"eu-narizeni-o-bateriich-2027","status":"publish","type":"post","link":"https:\/\/sources-matter.com\/en\/eu-narizeni-o-bateriich-2027\/sources-matter","title":{"rendered":"Na\u0159\u00edzen\u00ed o bateri\u00edch: EU odkl\u00e1d\u00e1 povinnosti, firmy maj\u00ed 2 roky nav\u00edc na p\u0159\u00edpravu"},"content":{"rendered":"<p>Na\u0159\u00edzen\u00ed o bateri\u00edch je jednou z nejd\u016fle\u017eit\u011bj\u0161\u00edch evropsk\u00fdch regulac\u00ed posledn\u00edch let \u2013 a d\u016fvod je jasn\u00fd: bez bateri\u00ed se dnes neobejdou auta, chytr\u00e1 elektronika ani energetick\u00e9 \u00falo\u017ei\u0161t\u011b. Evropsk\u00e1 komise proto p\u016fvodn\u011b pl\u00e1novala, \u017ee pravidla pro sledov\u00e1n\u00ed p\u016fvodu a zodpov\u011bdn\u00e9ho n\u00e1kupu surovin vstoup\u00ed v platnost u\u017e v roce 2025. Nakonec ale Brusel za\u0159adil zp\u00e1te\u010dku a rozhodl se posunout \u00fa\u010dinnost a\u017e na&nbsp;<strong>srpen 2027<\/strong>.<\/p>\n\n\n\n<h2 class=\"wp-block-heading has-medium-font-size\"><strong>Pro\u010d EU odkl\u00e1d\u00e1 \u00fa\u010dinnost na\u0159\u00edzen\u00ed o bateri\u00edch<\/strong>?<\/h2>\n\n\n\n<p>Dodavatelsk\u00e9 \u0159et\u011bzce bateri\u00ed pat\u0159\u00ed k nejslo\u017eit\u011bj\u0161\u00edm na sv\u011bt\u011b. Kobalt, lithium, nikl nebo grafit putuj\u00ed p\u0159es n\u011bkolik kontinent\u016f, ne\u017e se z nich stane fin\u00e1ln\u00ed v\u00fdrobek. Zav\u00e9st do toho povinn\u00e9 procesy n\u00e1le\u017eit\u00e9 p\u00e9\u010de v kr\u00e1tk\u00e9m \u010dase se uk\u00e1zalo jako p\u0159\u00edli\u0161 velk\u00e9 sousto \u2013 pro firmy i pro samotn\u00e9 regul\u00e1tory. Proto se \u010dasov\u00e1 osa posouv\u00e1.<\/p>\n\n\n\n<h2 class=\"wp-block-heading has-medium-font-size\">D\u016fle\u017eit\u00e9 je ale jedno:\u00a0<strong>povinnosti se neru\u0161\u00ed, jen se odkl\u00e1daj\u00ed!<\/strong><\/h2>\n\n\n\n<p><strong>Co by firmy m\u011bly d\u011blat u\u017e te\u010f<\/strong><\/p>\n\n\n\n<p>M\u016f\u017ee se zd\u00e1t l\u00e1kav\u00e9 br\u00e1t si dva roky volna, ale to by byla strategick\u00e1 chyba. Pr\u00e1v\u011b toto obdob\u00ed je ide\u00e1ln\u00ed k tomu, aby podniky postupn\u011b nastavily procesy, kter\u00e9 se jim v roce 2027 vyplat\u00ed.<\/p>\n\n\n\n<ul class=\"wp-block-list\">\n<li><strong>Zmapujte vyu\u017eit\u00ed bateri\u00ed<\/strong>\u00a0ve sv\u00fdch produktech a ur\u010dete, kter\u00e9 \u010d\u00e1sti portfolia budou regulac\u00ed dot\u010deny.<\/li>\n\n\n\n<li><strong>Navazujte kontakt s dodavateli<\/strong>\u00a0a cht\u011bjte od nich data o p\u016fvodu surovin.<\/li>\n\n\n\n<li><strong>Integrujte due diligence do firemn\u00ed kultury<\/strong>\u00a0\u2013 a\u0165 u\u017e jde o compliance, n\u00e1kup, nebo udr\u017eitelnost.<\/li>\n\n\n\n<li><strong>Vyu\u017eijte \u010das k pos\u00edlen\u00ed reputace<\/strong>\u00a0\u2013 z\u00e1kazn\u00edci i investo\u0159i ocen\u00ed, \u017ee se na zm\u011bny p\u0159ipravujete v p\u0159edstihu.<\/li>\n<\/ul>\n\n\n\n<h2 class=\"wp-block-heading has-medium-font-size\"><strong>Odklad jako p\u0159\u00edle\u017eitost pro udr\u017eiteln\u011bj\u0161\u00ed dodavatelsk\u00e9 \u0159et\u011bzce<\/strong><\/h2>\n\n\n\n<p>Nam\u00edsto stresu z kr\u00e1tk\u00fdch term\u00edn\u016f dostaly firmy \u0161anci p\u0159ipravit se promy\u0161len\u011b. Tlak na transparentnost dodavatelsk\u00fdch \u0159et\u011bzc\u016f nav\u00edc nebude kon\u010dit u bateri\u00ed \u2013 sp\u00ed\u0161e jde o prvn\u00ed krok \u0161ir\u0161\u00ed vlny udr\u017eitelnost nich regulac\u00ed. Ti, kdo za\u010dnou d\u0159\u00edve, budou m\u00edt nejen lep\u0161\u00ed data, ale i&nbsp;konkuren\u010dn\u00ed v\u00fdhodu.<\/p>\n\n\n\n<h2 class=\"wp-block-heading has-medium-font-size\"><strong>Z\u00e1v\u011br<\/strong><\/h2>\n\n\n\n<p>Evropa dala v\u00fdrobc\u016fm a dovozc\u016fm bateri\u00ed v\u00edce \u010dasu. Te\u010f je jen na nich, zda jej prom\u011bn\u00ed v odklad povinnost\u00ed, nebo v&nbsp;investici do budouc\u00ed stability a d\u016fv\u011bryhodnosti.<\/p>\n\n\n\n<p>Pokud chcete v\u011bd\u011bt, jak se na nov\u00e9 po\u017eadavky p\u0159ipravit efektivn\u011b a bez rizika, obra\u0165te se na n\u00e1s ve&nbsp;<strong>Sources-Matter<\/strong>&nbsp;\u2013 r\u00e1di v\u00e1m uk\u00e1\u017eeme cestu \u010di za V\u00e1s tuto agendu p\u0159evezmeme.&nbsp;<\/p>\n\n\n\n<p><strong>P\u0159e\u010dt\u011bte si tak\u00e9:\u00a0<u>N\u00e1le\u017eit\u00e1 p\u00e9\u010de v oblasti bateri\u00ed: rostouc\u00ed odpov\u011bdnost firem v r\u00e1mci udr\u017eitelnosti<\/u><\/strong><\/p>","protected":false},"excerpt":{"rendered":"<p>Na\u0159\u00edzen\u00ed o bateri\u00edch je jednou z nejd\u016fle\u017eit\u011bj\u0161\u00edch evropsk\u00fdch regulac\u00ed posledn\u00edch let \u2013 a d\u016fvod je jasn\u00fd: bez bateri\u00ed se dnes neobejdou auta, chytr\u00e1 elektronika ani energetick\u00e9 \u00falo\u017ei\u0161t\u011b. Evropsk\u00e1 komise proto p\u016fvodn\u011b pl\u00e1novala, \u017ee pravidla pro sledov\u00e1n\u00ed p\u016fvodu a zodpov\u011bdn\u00e9ho n\u00e1kupu surovin vstoup\u00ed v platnost u\u017e v roce 2025. Nakonec ale Brusel za\u0159adil zp\u00e1te\u010dku a rozhodl [&hellip;]<\/p>\n","protected":false},"author":1,"featured_media":231698,"comment_status":"closed","ping_status":"closed","sticky":false,"template":"","format":"standard","meta":{"_et_pb_use_builder":"off","_et_pb_old_content":"","_et_gb_content_width":"","footnotes":""},"categories":[127],"tags":[],"class_list":["post-231695","post","type-post","status-publish","format-standard","has-post-thumbnail","hentry","category-narizeni-o-bateriich"],"_links":{"self":[{"href":"https:\/\/sources-matter.com\/en\/wp-json\/wp\/v2\/posts\/231695","targetHints":{"allow":["GET"]}}],"collection":[{"href":"https:\/\/sources-matter.com\/en\/wp-json\/wp\/v2\/posts"}],"about":[{"href":"https:\/\/sources-matter.com\/en\/wp-json\/wp\/v2\/types\/post"}],"author":[{"embeddable":true,"href":"https:\/\/sources-matter.com\/en\/wp-json\/wp\/v2\/users\/1"}],"replies":[{"embeddable":true,"href":"https:\/\/sources-matter.com\/en\/wp-json\/wp\/v2\/comments?post=231695"}],"version-history":[{"count":1,"href":"https:\/\/sources-matter.com\/en\/wp-json\/wp\/v2\/posts\/231695\/revisions"}],"predecessor-version":[{"id":231697,"href":"https:\/\/sources-matter.com\/en\/wp-json\/wp\/v2\/posts\/231695\/revisions\/231697"}],"wp:featuredmedia":[{"embeddable":true,"href":"https:\/\/sources-matter.com\/en\/wp-json\/wp\/v2\/media\/231698"}],"wp:attachment":[{"href":"https:\/\/sources-matter.com\/en\/wp-json\/wp\/v2\/media?parent=231695"}],"wp:term":[{"taxonomy":"category","embeddable":true,"href":"https:\/\/sources-matter.com\/en\/wp-json\/wp\/v2\/categories?post=231695"},{"taxonomy":"post_tag","embeddable":true,"href":"https:\/\/sources-matter.com\/en\/wp-json\/wp\/v2\/tags?post=231695"}],"curies":[{"name":"wp","href":"https:\/\/api.w.org\/{rel}","templated":true}]}}