{"id":231560,"date":"2025-08-26T08:14:17","date_gmt":"2025-08-26T08:14:17","guid":{"rendered":"https:\/\/sources-matter.com\/?p=231560"},"modified":"2025-09-12T09:19:48","modified_gmt":"2025-09-12T09:19:48","slug":"aktualizovany-navrh-omezeni-pfas","status":"publish","type":"post","link":"https:\/\/sources-matter.com\/en\/aktualizovany-navrh-omezeni-pfas\/sources-matter","title":{"rendered":"ECHA zve\u0159ejnila aktualizovan\u00fd n\u00e1vrh na omezen\u00ed PFAS l\u00e1tek: co p\u0159in\u00e1\u0161\u00ed nejnov\u011bj\u0161\u00ed n\u00e1vrh?"},"content":{"rendered":"<p>Evropsk\u00e1 agentura pro chemick\u00e9 l\u00e1tky (ECHA) zve\u0159ejnila&nbsp;novou verzi n\u00e1vrhu na<strong>&nbsp;<\/strong>omezen\u00ed<strong>&nbsp;<\/strong><a href=\"https:\/\/sources-matter.com\/en\/pfas-substances-rohs-reach\/\"><strong>PFAS l\u00e1tek<\/strong>&nbsp;<\/a>v r\u00e1mci&nbsp;<a href=\"https:\/\/sources-matter.com\/en\/narizeni-reach-scip-svhc-legislativa\/\">legislativy REACH<\/a>. Tento krok je dal\u0161\u00edm miln\u00edkem v dlouhodob\u00e9m \u00fasil\u00ed EU o omezovan\u00ed \u201ev\u011b\u010dn\u00fdch chemik\u00e1li\u00ed\u201c, kter\u00e9 z\u016fst\u00e1vaj\u00ed v&nbsp;\u017eivotn\u00edm prost\u0159ed\u00ed a maj\u00ed negativn\u00ed vliv na lidsk\u00e9 zdrav\u00ed.&nbsp;<\/p>\n\n\n\n<h2 class=\"wp-block-heading has-medium-font-size\"><strong>Co se zm\u011bnilo?<\/strong><\/h2>\n\n\n\n<p>N\u00e1vrh p\u0159ipravily \u00fa\u0159ady z D\u00e1nska, N\u011bmecka, Nizozemska, Norska a \u0160v\u00e9dska, kter\u00e9 v roce 2023 p\u0159edlo\u017eily prvn\u00ed verzi. Od t\u00e9 doby prob\u011bhla p\u016flro\u010dn\u00ed konzultace, do n\u00ed\u017e se zapojily tis\u00edce zainteresovan\u00fdch subjekt\u016f \u2013 shrom\u00e1\u017edilo se v\u00edce ne\u017e&nbsp;<strong>5 600 p\u0159ipom\u00ednek<\/strong>. Na z\u00e1klad\u011b tohoto rozs\u00e1hl\u00e9ho zp\u011btn\u00e9ho hodnocen\u00ed byl dokument z\u00e1sadn\u011b p\u0159epracov\u00e1n.<\/p>\n\n\n\n<p>Nov\u011b do n\u011bj p\u0159ibyly i&nbsp;<strong>sektory, kter\u00e9 nebyly v p\u016fvodn\u00edm n\u00e1vrhu zm\u00edn\u011bny<\/strong>. Pat\u0159\u00ed mezi n\u011b nap\u0159\u00edklad:<\/p>\n\n\n\n<ul class=\"wp-block-list\">\n<li>tiskov\u00e9 aplikace,<\/li>\n\n\n\n<li>t\u011bsn\u011bn\u00ed a maziva,<\/li>\n\n\n\n<li>stroj\u00edrensk\u00e9 aplikace,<\/li>\n\n\n\n<li>medic\u00ednsk\u00e9 pou\u017eit\u00ed (obaly l\u00e9\u010div, farmaceutick\u00e9 pomocn\u00e9 l\u00e1tky),<\/li>\n\n\n\n<li>vojensk\u00e9 vyu\u017eit\u00ed a v\u00fdbu\u0161niny,<\/li>\n\n\n\n<li>technick\u00e9 textilie,<\/li>\n\n\n\n<li>\u0161ir\u0161\u00ed pr\u016fmyslov\u00e9 aplikace (nap\u0159. rozpou\u0161t\u011bdla a katalyz\u00e1tory).<\/li>\n<\/ul>\n\n\n\n<h2 class=\"wp-block-heading has-medium-font-size\"><strong>Alternativn\u00ed mo\u017enosti omezen\u00ed<\/strong><strong><\/strong><\/h2>\n\n\n\n<p>Zaj\u00edmavost\u00ed je, \u017ee p\u011btice \u00fa\u0159ad\u016f nepracovala jen s variantou \u201e\u00fapln\u00fd z\u00e1kaz\u201c nebo \u201ez\u00e1kaz s \u010dasov\u011b omezen\u00fdmi v\u00fdjimkami\u201c. Do hry vstupuj\u00ed tak\u00e9&nbsp;flexibiln\u011bj\u0161\u00ed mo\u017enosti, kter\u00e9 by umo\u017enily pou\u017e\u00edv\u00e1n\u00ed PFAS v p\u0159\u00edpadech, kdy lze rizika kontrolovat.&nbsp;<\/p>\n\n\n\n<p>Posuzovan\u00e9 varianty se t\u00fdkaj\u00ed nap\u0159\u00edklad&nbsp;v\u00fdroby PFAS, dopravy, energetiky, elektroniky a polovodi\u010d\u016f, t\u011bsn\u011bn\u00ed, lubrika\u010dn\u00edch p\u0159\u00edpravk\u016f a maziv, stroj\u00edrensk\u00fdch aplikac\u00ed, technick\u00fdch textili\u00ed.<\/p>\n\n\n\n<h2 class=\"wp-block-heading has-medium-font-size\"><strong>Jak\u00fd je dal\u0161\u00ed postup?<\/strong><\/h2>\n\n\n\n<p>Aktualizovan\u00fd n\u00e1vrh nyn\u00ed m\u00ed\u0159\u00ed na stoly dvou odborn\u00fdch v\u00fdbor\u016f ECHA \u2013 pro hodnocen\u00ed rizik (RAC) a pro socioekonomickou anal\u00fdzu (SEAC). Ty p\u0159iprav\u00ed&nbsp;nez\u00e1visl\u00e1 stanoviska, kter\u00e1 n\u00e1sledn\u011b poslou\u017e\u00ed Evropsk\u00e9 komisi p\u0159i tvorb\u011b fin\u00e1ln\u00ed legislativy.&nbsp;<strong>Kone\u010dn\u00e9 rozhodnut\u00ed o omezen\u00ed PFAS u\u010din\u00ed Komise spolu s \u010dlensk\u00fdmi st\u00e1ty EU.<\/strong><\/p>\n\n\n\n<h2 class=\"wp-block-heading has-medium-font-size\"><strong>Pro\u010d na tom z\u00e1le\u017e\u00ed?<\/strong><\/h2>\n\n\n\n<p>PFAS se pou\u017e\u00edvaj\u00ed v mnoha oborech \u2013 od medic\u00edny, p\u0159es elektroniku, a\u017e po pr\u016fmyslov\u00e9 aplikace. Jejich jedine\u010dn\u00e9 vlastnosti (odolnost v\u016f\u010di teplu, chemik\u00e1li\u00edm i vod\u011b) jsou v\u00fdhodn\u00e9 pro pr\u016fmysl, ale z\u00e1rove\u0148 znamenaj\u00ed, \u017ee tyto l\u00e1tky&nbsp;<strong>z\u016fst\u00e1vaj\u00ed v&nbsp;<\/strong>\u017eivotn\u00edm prost\u0159ed\u00ed prakticky nav\u017edy. Omezen\u00ed jejich pou\u017e\u00edv\u00e1n\u00ed je proto kl\u00ed\u010dov\u00e9 pro ochranu p\u0159\u00edrody i lidsk\u00e9ho zdrav\u00ed.<\/p>\n\n\n\n<h2 class=\"wp-block-heading has-medium-font-size\"><strong>Jak se na zm\u011bny p\u0159ipravit?<\/strong><\/h2>\n\n\n\n<p>Pokud va\u0161e firma pracuje s PFAS nebo materi\u00e1ly, kter\u00e9 mohou b\u00fdt regulac\u00ed dot\u010deny, je d\u016fle\u017eit\u00e9 za\u010d\u00edt situaci \u0159e\u0161it v\u010das \u2013 prov\u00e9st screening produkt\u016f, aktualizovat dokumentaci a zhodnotit dostupn\u00e9 alternativy.<\/p>\n\n\n\n<p><strong>Pot\u0159ebujete se zorientovat v legislativ\u011b REACH, SVHC nebo nov\u011b p\u0159ipravovan\u00e9m omezen\u00ed PFAS?<\/strong><br>Obra\u0165te se na&nbsp;<strong><a href=\"https:\/\/sources-matter.com\/en\/kontakt\/\">Sources-Matter&nbsp;<\/a><\/strong>\u2013 pom\u016f\u017eeme v\u00e1m pochopit pr\u00e1vn\u00ed po\u017eadavky a naj\u00edt praktick\u00e1 \u0159e\u0161en\u00ed pro va\u0161i firmu.<\/p>\n\n\n\n<div style=\"height:31px\" aria-hidden=\"true\" class=\"wp-block-spacer\"><\/div>\n\n\n\n<div class=\"wp-block-group is-layout-constrained wp-block-group-is-layout-constrained\">\n<p class=\"has-text-align-center\">Doporu\u010dujeme p\u0159e\u010d\u00edst si tak\u00e9 n\u00e1\u0161\u00a0<strong>posledn\u00ed \u010dl\u00e1nek k t\u00e9to problematice \u2013\u00a0<\/strong>PFAS v mazivech a hydraulick\u00fdch olej\u00edch, kde p\u0159in\u00e1\u0161\u00edme podrobnosti o jejich pr\u016fmyslov\u00e9m vyu\u017eit\u00ed a dostupn\u00fdch alternativ\u00e1ch.<\/p>\n\n\n\n<div style=\"height:16px\" aria-hidden=\"true\" class=\"wp-block-spacer\"><\/div>\n\n\n\n<div class=\"wp-block-buttons is-content-justification-center is-layout-flex wp-container-core-buttons-is-layout-16018d1d wp-block-buttons-is-layout-flex\">\n<div class=\"wp-block-button\"><a class=\"wp-block-button__link has-text-align-center wp-element-button\" href=\"https:\/\/sources-matter.com\/en\/pfas-v-mazivech-a-olejich\/sources-matter\/\">P\u0159e\u010d\u00edst<\/a><\/div>\n<\/div>\n<\/div>","protected":false},"excerpt":{"rendered":"<p>Evropsk\u00e1 agentura pro chemick\u00e9 l\u00e1tky (ECHA) zve\u0159ejnila&nbsp;novou verzi n\u00e1vrhu na&nbsp;omezen\u00ed&nbsp;PFAS l\u00e1tek&nbsp;v r\u00e1mci&nbsp;legislativy REACH. Tento krok je dal\u0161\u00edm miln\u00edkem v dlouhodob\u00e9m \u00fasil\u00ed EU o omezovan\u00ed \u201ev\u011b\u010dn\u00fdch chemik\u00e1li\u00ed\u201c, kter\u00e9 z\u016fst\u00e1vaj\u00ed v&nbsp;\u017eivotn\u00edm prost\u0159ed\u00ed a maj\u00ed negativn\u00ed vliv na lidsk\u00e9 zdrav\u00ed.&nbsp; Co se zm\u011bnilo? N\u00e1vrh p\u0159ipravily \u00fa\u0159ady z D\u00e1nska, N\u011bmecka, Nizozemska, Norska a \u0160v\u00e9dska, kter\u00e9 v roce 2023 p\u0159edlo\u017eily [&hellip;]<\/p>\n","protected":false},"author":1,"featured_media":231677,"comment_status":"closed","ping_status":"closed","sticky":false,"template":"","format":"standard","meta":{"_et_pb_use_builder":"off","_et_pb_old_content":"","_et_gb_content_width":"","footnotes":""},"categories":[125],"tags":[],"class_list":["post-231560","post","type-post","status-publish","format-standard","has-post-thumbnail","hentry","category-pfas"],"_links":{"self":[{"href":"https:\/\/sources-matter.com\/en\/wp-json\/wp\/v2\/posts\/231560","targetHints":{"allow":["GET"]}}],"collection":[{"href":"https:\/\/sources-matter.com\/en\/wp-json\/wp\/v2\/posts"}],"about":[{"href":"https:\/\/sources-matter.com\/en\/wp-json\/wp\/v2\/types\/post"}],"author":[{"embeddable":true,"href":"https:\/\/sources-matter.com\/en\/wp-json\/wp\/v2\/users\/1"}],"replies":[{"embeddable":true,"href":"https:\/\/sources-matter.com\/en\/wp-json\/wp\/v2\/comments?post=231560"}],"version-history":[{"count":2,"href":"https:\/\/sources-matter.com\/en\/wp-json\/wp\/v2\/posts\/231560\/revisions"}],"predecessor-version":[{"id":231563,"href":"https:\/\/sources-matter.com\/en\/wp-json\/wp\/v2\/posts\/231560\/revisions\/231563"}],"wp:featuredmedia":[{"embeddable":true,"href":"https:\/\/sources-matter.com\/en\/wp-json\/wp\/v2\/media\/231677"}],"wp:attachment":[{"href":"https:\/\/sources-matter.com\/en\/wp-json\/wp\/v2\/media?parent=231560"}],"wp:term":[{"taxonomy":"category","embeddable":true,"href":"https:\/\/sources-matter.com\/en\/wp-json\/wp\/v2\/categories?post=231560"},{"taxonomy":"post_tag","embeddable":true,"href":"https:\/\/sources-matter.com\/en\/wp-json\/wp\/v2\/tags?post=231560"}],"curies":[{"name":"wp","href":"https:\/\/api.w.org\/{rel}","templated":true}]}}