{"id":231547,"date":"2025-08-20T08:20:39","date_gmt":"2025-08-20T08:20:39","guid":{"rendered":"https:\/\/sources-matter.com\/?p=231547"},"modified":"2025-09-12T09:23:41","modified_gmt":"2025-09-12T09:23:41","slug":"zakaz-pouzivani-uv-328","status":"publish","type":"post","link":"https:\/\/sources-matter.com\/en\/zakaz-pouzivani-uv-328\/sources-matter","title":{"rendered":"Z\u00e1kaz pou\u017e\u00edv\u00e1n\u00ed perzistentn\u00ed organick\u00e9 l\u00e1tky UV-328 v\u00a0EU a povolen\u00ed v\u00fdjimek"},"content":{"rendered":"<p>Od 4. srpna vstoupil v&nbsp;platnost z\u00e1kaz v\u00fdroby, pou\u017eit\u00ed a obchodov\u00e1n\u00ed s l\u00e1tkou UV-328 podle&nbsp;<a href=\"https:\/\/eur-lex.europa.eu\/legal-content\/CS\/ALL\/?uri=CELEX%3A32025R0843\" target=\"_blank\" rel=\"noopener\">na\u0159\u00edzen\u00ed Komise (EU) 2025\/843<\/a>. T\u00edmto krokem byla l\u00e1tka za\u0159azena do p\u0159\u00edlohy I&nbsp;<a href=\"https:\/\/eur-lex.europa.eu\/legal-content\/EN\/ALL\/?uri=CELEX%3A32019R1021\" target=\"_blank\" rel=\"noopener\">na\u0159\u00edzen\u00ed 2019\/1021<\/a>&nbsp;o perzistentn\u00edch organick\u00fdch zne\u010di\u0161\u0165uj\u00edc\u00edch l\u00e1tk\u00e1ch (POPs) v&nbsp;souladu se z\u00e1vazky EU dle Stockholmsk\u00e9 \u00famluvy. Na\u0159\u00edzen\u00ed stanovuje specifick\u00e9 v\u00fdjimky, kter\u00e9 je umo\u017e\u0148uj\u00ed do\u010dasn\u00e9 pou\u017eit\u00ed UV-328 v&nbsp;n\u011bkter\u00fdch v\u00fdrobc\u00edch a z\u00e1rove\u0148 ur\u010duje limity pro postupn\u00e9 sni\u017eov\u00e1n\u00ed mezn\u00edch hodnot nez\u00e1m\u011brn\u00e9 stopov\u00e9 kontaminace v&nbsp;l\u00e1tk\u00e1ch, sm\u011bs\u00edch nebo p\u0159edm\u011btech.&nbsp;<\/p>\n\n\n\n<h2 class=\"wp-block-heading has-medium-font-size\">Kde se UV-328 pou\u017e\u00edv\u00e1?<\/h2>\n\n\n\n<p>UV-328, chemick\u00fdm n\u00e1zvem 2-(2H-benzotriazol-2-yl)-4,6-di-terc-pentylfenol, je sv\u011bteln\u00fd stabiliz\u00e1tor (UV filtr) p\u0159id\u00e1van\u00fd do polymer\u016f k&nbsp;ochran\u011b p\u0159ed degradaci vlivem ultrafialov\u00e9ho (UV) z\u00e1\u0159en\u00ed.&nbsp;<\/p>\n\n\n\n<p>Vyu\u017e\u00edv\u00e1 se zejm\u00e9na v&nbsp;t\u011bchto sektorech a aplikac\u00edch:<\/p>\n\n\n\n<ul class=\"wp-block-list\">\n<li>Automobilov\u00fd pr\u016fmysl: barvy, n\u00e1t\u011bry, tmely, lepidla, plasty a pry\u017ee; automobilov\u00e9 kapaliny (hydraulick\u00e9, chladic\u00ed), maziva v&nbsp;motorov\u00fdch olej\u00edch<\/li>\n\n\n\n<li>Elektronika a optika: polariza\u010dn\u00ed (TAC) filmy pro LCD displeje, LED indik\u00e1tory, fotografick\u00fd pap\u00edr&nbsp;<\/li>\n\n\n\n<li>Stavebnictv\u00ed: n\u00e1t\u011bry pro pr\u016fmyslov\u00e9 stroje a kolejov\u00e1 vozidla, stavebn\u00ed materi\u00e1ly (nap\u0159. PVC st\u0159e\u0161n\u00ed f\u00f3lie), povrchov\u00e9 \u00fapravy d\u0159eva<\/li>\n\n\n\n<li>Zdravotnick\u00fd a laboratorn\u00ed sektor: separ\u00e1tory v&nbsp;krevn\u00edch zkumavk\u00e1ch, LCD displeje v&nbsp;p\u0159\u00edstroj\u00edch&nbsp;<\/li>\n\n\n\n<li>Obaly a tisk: plastov\u00e9 obaly nep\u0159ich\u00e1zej\u00edc\u00ed do styku s potravinami, tiska\u0159sk\u00e9 barvy a lepidla<\/li>\n\n\n\n<li>Kosmetika: opalovac\u00ed p\u0159\u00edpravky s&nbsp;ochranou proti UV<\/li>\n\n\n\n<li>Dal\u0161\u00ed aplikace: chladic\u00ed kapaliny v&nbsp;ledni\u010dk\u00e1ch, olejov\u00e9 elektrick\u00e9 oh\u0159\u00edva\u010de, inertn\u00ed slo\u017eka v&nbsp;n\u011bkter\u00fdch pesticidech, antikorozn\u00ed \u010dinidlo.<\/li>\n<\/ul>\n\n\n\n<h2 class=\"wp-block-heading has-medium-font-size\">Do\u010dasn\u00e9 v\u00fdjimky ze z\u00e1kazu<\/h2>\n\n\n\n<p>Z&nbsp;d\u016fvodu \u0161irok\u00e9ho vyu\u017eit\u00ed UV-328 byly stanoveny v\u00fdjimky, kter\u00e9 umo\u017e\u0148uj\u00ed dovoz a pou\u017e\u00edv\u00e1n\u00ed n\u011bkter\u00fdch produkt\u016f po omezenou dobu, ne\u017e dojde k&nbsp;\u00fapln\u00e9 n\u00e1hrad\u011b t\u00e9to l\u00e1tky bezpe\u010dn\u011bj\u0161\u00edmi alternativami.<\/p>\n\n\n\n<div style=\"height:34px\" aria-hidden=\"true\" class=\"wp-block-spacer\"><\/div>\n\n\n\n<figure class=\"wp-block-table is-style-regular has-small-font-size\"><table class=\"has-fixed-layout\"><tbody><tr><td class=\"has-text-align-left\" data-align=\"left\" rowspan=\"6\"><strong>Do 4. srpna 2030<\/strong><\/td><td class=\"has-text-align-left\" data-align=\"left\" colspan=\"2\">v pozemn\u00edch motorov\u00fdch vozidlech<\/td><\/tr><tr><td class=\"has-text-align-left\" data-align=\"left\" colspan=\"2\">v pr\u016fmyslov\u00fdch n\u00e1t\u011brech pro pozemn\u00ed motorov\u00e1 vozidla, stroj\u00edrensk\u00e9 stroje, kolejov\u00e1 vozidla a v&nbsp;z\u00e1t\u011b\u017eov\u00fdch n\u00e1t\u011brech pro velk\u00e9 ocelov\u00e9 konstrukce<\/td><\/tr><tr><td class=\"has-text-align-left\" data-align=\"left\" colspan=\"2\">v&nbsp;mechanick\u00fdch separ\u00e1torech ve zkumavk\u00e1ch pro odb\u011br krve<\/td><\/tr><tr><td class=\"has-text-align-left\" data-align=\"left\" colspan=\"2\">v triacetylcelul\u00f3zov\u00e9m filmu v&nbsp;polariz\u00e1torech<\/td><\/tr><tr><td class=\"has-text-align-left\" data-align=\"left\" colspan=\"2\">ve fotografick\u00e9m pap\u00edru<\/td><\/tr><tr><td class=\"has-text-align-left\" data-align=\"left\" colspan=\"2\">v&nbsp;civiln\u00edch a&nbsp;vojensk\u00fdch letadlech<\/td><\/tr><tr><td class=\"has-text-align-left\" data-align=\"left\" rowspan=\"3\"><strong>Do 31. prosince 2043 nebo konce \u017eivotnosti (podle toho, co bude d\u0159\u00edve),&nbsp;pokud byl UV-328 p\u016fvodn\u011b pou\u017eit p\u0159i jejich v\u00fdrob\u011b<\/strong><\/td><td class=\"has-text-align-left\" data-align=\"left\" rowspan=\"3\">v n\u00e1hradn\u00edch d\u00edlech pro<\/td><td>pozemn\u00ed motorov\u00e1 vozidla<\/td><\/tr><tr><td class=\"has-text-align-left\" data-align=\"left\">stacion\u00e1rn\u00ed pr\u016fmyslov\u00e9 stroje pro pou\u017eit\u00ed v&nbsp;zem\u011bd\u011blstv\u00ed, lesnictv\u00ed a&nbsp;stavebnictv\u00ed<\/td><\/tr><tr><td class=\"has-text-align-left\" data-align=\"left\">displeje z tekut\u00fdch krystal\u016f v p\u0159\u00edstroj\u00edch pro anal\u00fdzu, m\u011b\u0159en\u00ed, kontrolu, monitorov\u00e1n\u00ed, testov\u00e1n\u00ed, v\u00fdrobu a inspekci, s v\u00fdjimkou p\u0159\u00edstroj\u016f pro l\u00e9ka\u0159sk\u00e9 \u00fa\u010del<\/td><\/tr><tr><td class=\"has-text-align-left\" data-align=\"left\" rowspan=\"2\"><strong>Do konce jejich \u017eivotnosti (pokud byl UV-328 p\u016fvodn\u011b pou\u017eit p\u0159i jejich v\u00fdrob\u011b)<\/strong><\/td><td class=\"has-text-align-left\" data-align=\"left\" rowspan=\"2\">v n\u00e1hradn\u00edch d\u00edlech pro<\/td><td>displeje z tekut\u00fdch krystal\u016f v p\u0159\u00edstroj\u00edch spadaj\u00edc\u00edch do oblasti p\u016fsobnosti na\u0159\u00edzen\u00ed (EU) 2017\/745 a do oblasti p\u016fsobnosti na\u0159\u00edzen\u00ed Evropsk\u00e9ho parlamentu a Rady (EU) 2017\/746<\/td><\/tr><tr><td class=\"has-text-align-left\" data-align=\"left\">displeje z&nbsp;tekut\u00fdch krystal\u016f v&nbsp;p\u0159\u00edstroj\u00edch pro anal\u00fdzu, m\u011b\u0159en\u00ed, kontrolu, testov\u00e1n\u00ed, v\u00fdrobu a&nbsp;inspekci<\/td><\/tr><tr><td class=\"has-text-align-left\" data-align=\"left\"><strong>Do 31. prosince 2030 (pokud byl UV-328 p\u016fvodn\u011b pou\u017eit p\u0159i jejich v\u00fdrob\u011b)<\/strong><\/td><td class=\"has-text-align-left\" data-align=\"left\" colspan=\"2\">v&nbsp;n\u00e1hradn\u00edch d\u00edlech pro civiln\u00ed a&nbsp;vojensk\u00e1 letadla<\/td><\/tr><tr><td class=\"has-text-align-left\" data-align=\"left\" colspan=\"3\">P\u0159edm\u011bty obsahuj\u00edc\u00ed UV-328, kter\u00e9 se ji\u017e v&nbsp;Unii pou\u017e\u00edvaly p\u0159ede dnem skon\u010den\u00ed platnosti p\u0159\u00edslu\u0161n\u00e9 v\u00fdjimky (v\u0161echny v\u00fd\u0161e zm\u00edn\u011bn\u00e9) nebo k&nbsp;tomuto datu, mohou b\u00fdt nad\u00e1le pou\u017e\u00edv\u00e1ny.<\/td><\/tr><\/tbody><\/table><\/figure>\n\n\n\n<div style=\"height:20px\" aria-hidden=\"true\" class=\"wp-block-spacer\"><\/div>\n\n\n\n<h2 class=\"wp-block-heading has-medium-font-size\">Vztah k&nbsp;na\u0159\u00edzen\u00ed REACH<\/h2>\n\n\n\n<p>Od roku 2014 je UV-328 za\u0159azena mezi l\u00e1tky vzbuzuj\u00edc\u00ed mimo\u0159\u00e1dn\u00e9 obavy (SVHC) podle na\u0159\u00edzen\u00ed (ES) 1907\/2006 (REACH). V\u00fdrobci a dodavatel\u00e9 produkt\u016f obsahuj\u00edc\u00edch v\u00edce ne\u017e 0,1 % t\u00e9to l\u00e1tky jsou povinni splnit oznamovac\u00ed a informa\u010dn\u00ed povinnosti SCIP v\u016f\u010di odb\u011bratel\u016fm i Evropsk\u00e9 agentu\u0159e pro chemick\u00e9 l\u00e1tky (ECHA).&nbsp;<\/p>\n\n\n\n<p>Za\u0159azen\u00ed do p\u0159\u00edlohy I na\u0159\u00edzen\u00ed o POPs nyn\u00ed znamen\u00e1 \u00fapln\u00fd z\u00e1kaz v\u00fdroby, pou\u017eit\u00ed a uv\u00e1d\u011bn\u00ed na trh, s jasn\u011b&nbsp;definovan\u00fdmi v\u00fdjimkami a p\u0159echodn\u00fdmi lh\u016ftami.<\/p>\n\n\n\n<h2 class=\"wp-block-heading has-medium-font-size\">Doporu\u010den\u00ed pro firmy<\/h2>\n\n\n\n<ul class=\"wp-block-list\">\n<li>Identifikace \u2013 prove\u010fte inventuru l\u00e1tek, sm\u011bs\u00ed a v\u00fdrobk\u016f v&nbsp;portfoliu a dodavatelsk\u00e9m \u0159et\u011bzci a ov\u011b\u0159te, zda obsahuj\u00ed UV-328<\/li>\n\n\n\n<li>N\u00e1hrada \u2013 vyhledejte a otestujte vhodn\u00e9 alternativy pro aplikace, na kter\u00e9 se vztahuj\u00ed \u010dasov\u011b omezen\u00e9 v\u00fdjimky<\/li>\n\n\n\n<li>Zaji\u0161t\u011bn\u00ed souladu \u2013 pr\u016fb\u011b\u017en\u011b sledujte legislativn\u00ed zm\u011bny, upravujte technickou dokumentaci a ozna\u010dov\u00e1n\u00ed v\u00fdrobk\u016f&nbsp;<\/li>\n<\/ul>\n\n\n\n<p>Nejste si jisti, zda va\u0161e produkty spl\u0148uj\u00ed po\u017eadavky na\u0159\u00edzen\u00ed o POPs a REACH?&nbsp;<a href=\"https:\/\/sources-matter.com\/en\/kontakt\/\">Contact us<\/a>&nbsp;pro nez\u00e1vaznou konzultaci.<\/p>\n\n\n\n<div style=\"height:43px\" aria-hidden=\"true\" class=\"wp-block-spacer\"><\/div>\n\n\n\n<div class=\"wp-block-group has-black-color has-white-background-color has-text-color has-background has-link-color wp-elements-18c9b0937614b8bd1fb5a811f97c7c61 is-layout-constrained wp-block-group-is-layout-constrained\">\n<p class=\"has-text-align-center has-black-color has-text-color has-link-color wp-elements-6b63c0270f6f95dbf54661fa049e68cc\" style=\"font-size:17px\">P\u0159e\u010dt\u011bte si n\u00e1\u0161 p\u0159edchoz\u00ed \u010dl\u00e1nek t\u00fdkaj\u00edc\u00ed se PFAS v&nbsp;mazivech a hydraulick\u00fdch olej\u00edch<\/p>\n\n\n\n<div style=\"height:5px\" aria-hidden=\"true\" class=\"wp-block-spacer\"><\/div>\n\n\n\n<div class=\"wp-block-buttons is-content-justification-center is-layout-flex wp-container-core-buttons-is-layout-16018d1d wp-block-buttons-is-layout-flex\">\n<div class=\"wp-block-button is-style-outline is-style-outline--1\"><a class=\"wp-block-button__link has-white-color has-black-background-color has-text-color has-background has-link-color has-text-align-center has-custom-font-size wp-element-button\" href=\"https:\/\/sources-matter.com\/en\/pfas-v-mazivech-a-olejich\/sources-matter\/\" style=\"border-radius:22px;font-size:15px\">P\u0159e\u010d\u00edst<\/a><\/div>\n<\/div>\n<\/div>","protected":false},"excerpt":{"rendered":"<p>Od 4. srpna vstoupil v&nbsp;platnost z\u00e1kaz v\u00fdroby, pou\u017eit\u00ed a obchodov\u00e1n\u00ed s l\u00e1tkou UV-328 podle&nbsp;na\u0159\u00edzen\u00ed Komise (EU) 2025\/843. T\u00edmto krokem byla l\u00e1tka za\u0159azena do p\u0159\u00edlohy I&nbsp;na\u0159\u00edzen\u00ed 2019\/1021&nbsp;o perzistentn\u00edch organick\u00fdch zne\u010di\u0161\u0165uj\u00edc\u00edch l\u00e1tk\u00e1ch (POPs) v&nbsp;souladu se z\u00e1vazky EU dle Stockholmsk\u00e9 \u00famluvy. Na\u0159\u00edzen\u00ed stanovuje specifick\u00e9 v\u00fdjimky, kter\u00e9 je umo\u017e\u0148uj\u00ed do\u010dasn\u00e9 pou\u017eit\u00ed UV-328 v&nbsp;n\u011bkter\u00fdch v\u00fdrobc\u00edch a z\u00e1rove\u0148 ur\u010duje limity pro [&hellip;]<\/p>\n","protected":false},"author":1,"featured_media":231676,"comment_status":"closed","ping_status":"closed","sticky":false,"template":"","format":"standard","meta":{"_et_pb_use_builder":"off","_et_pb_old_content":"","_et_gb_content_width":"","footnotes":""},"categories":[126,123],"tags":[],"class_list":["post-231547","post","type-post","status-publish","format-standard","has-post-thumbnail","hentry","category-narizeni-pops","category-narizeni-reach"],"_links":{"self":[{"href":"https:\/\/sources-matter.com\/en\/wp-json\/wp\/v2\/posts\/231547","targetHints":{"allow":["GET"]}}],"collection":[{"href":"https:\/\/sources-matter.com\/en\/wp-json\/wp\/v2\/posts"}],"about":[{"href":"https:\/\/sources-matter.com\/en\/wp-json\/wp\/v2\/types\/post"}],"author":[{"embeddable":true,"href":"https:\/\/sources-matter.com\/en\/wp-json\/wp\/v2\/users\/1"}],"replies":[{"embeddable":true,"href":"https:\/\/sources-matter.com\/en\/wp-json\/wp\/v2\/comments?post=231547"}],"version-history":[{"count":5,"href":"https:\/\/sources-matter.com\/en\/wp-json\/wp\/v2\/posts\/231547\/revisions"}],"predecessor-version":[{"id":231559,"href":"https:\/\/sources-matter.com\/en\/wp-json\/wp\/v2\/posts\/231547\/revisions\/231559"}],"wp:featuredmedia":[{"embeddable":true,"href":"https:\/\/sources-matter.com\/en\/wp-json\/wp\/v2\/media\/231676"}],"wp:attachment":[{"href":"https:\/\/sources-matter.com\/en\/wp-json\/wp\/v2\/media?parent=231547"}],"wp:term":[{"taxonomy":"category","embeddable":true,"href":"https:\/\/sources-matter.com\/en\/wp-json\/wp\/v2\/categories?post=231547"},{"taxonomy":"post_tag","embeddable":true,"href":"https:\/\/sources-matter.com\/en\/wp-json\/wp\/v2\/tags?post=231547"}],"curies":[{"name":"wp","href":"https:\/\/api.w.org\/{rel}","templated":true}]}}