{"id":231237,"date":"2025-05-08T09:15:52","date_gmt":"2025-05-08T09:15:52","guid":{"rendered":"https:\/\/sources-matter.com\/?p=231237"},"modified":"2025-05-12T09:29:55","modified_gmt":"2025-05-12T09:29:55","slug":"konference-ekologie-udrzitelnost","status":"publish","type":"post","link":"https:\/\/sources-matter.com\/en\/konference-ekologie-udrzitelnost\/sources-matter","title":{"rendered":"Jsme sou\u010d\u00e1st\u00ed konference\u00a0Podnikov\u00e1 ekologie a udr\u017eitelnost\u00a02025"},"content":{"rendered":"<h2 class=\"wp-block-heading has-medium-font-size\">P\u0159ij\u010fte si poslechnout, jak zvl\u00e1dnout legislativn\u00ed zm\u011bny v dodavatelsk\u00fdch \u0159et\u011bzc\u00edch bez chaosu<\/h2>\n\n\n\n<p><strong>Datum:<\/strong>\u00a027. kv\u011btna 2025<br><strong>M\u00edsto:<\/strong>\u00a0Hotel Olympik, Praha |\u00a0<strong>mo\u017enost online \u00fa\u010dasti<\/strong><\/p>\n\n\n\n<p>S radost\u00ed oznamujeme, \u017ee na\u0161e zakladatelka\u00a0<strong>Monika \u0160ruba\u0159ov\u00e1<\/strong>\u00a0vystoup\u00ed jako \u0159e\u010dnice na konferenci\u00a0<em><strong>Podnikov\u00e1 ekologie a udr\u017eitelnost<\/strong><\/em>, kter\u00e1 propojuje firmy, odborn\u00edky a instituce nap\u0159\u00ed\u010d sektory se z\u00e1jmem o udr\u017eiteln\u00fd rozvoj a ekologick\u00e9 \u0159\u00edzen\u00ed.<\/p>\n\n\n\n<h3 class=\"wp-block-heading has-medium-font-size\">T\u00e9ma p\u0159edn\u00e1\u0161ky:<\/h3>\n\n\n\n<blockquote class=\"wp-block-quote is-layout-flow wp-block-quote-is-layout-flow\">\n<h2 class=\"wp-block-heading has-medium-font-size\"><strong>\u201e\u0158\u00edzen\u00ed dodavatelsk\u00fdch \u0159et\u011bzc\u016f aneb neztra\u0165te se v p\u0159edpisech produktov\u00e9ho compliance \u2013 tipy, jak zvl\u00e1dnout legislativn\u00ed zm\u011bny s p\u0159ehledem\u201c<\/strong><\/h2>\n<\/blockquote>\n\n\n\n<p>Produktov\u00e1 ekologie je oblast, kter\u00e1 zasahuje hluboko do \u0159\u00edzen\u00ed firem, a jej\u00ed n\u00e1roky na v\u00fdrobce a dodavatele ka\u017ed\u00fdm rokem rostou. V r\u00e1mci p\u0159edn\u00e1\u0161ky se zam\u011b\u0159\u00edme na&nbsp;<strong>kl\u00ed\u010dov\u00e9 legislativn\u00ed zm\u011bny a konkr\u00e9tn\u00ed dopady na praxi<\/strong>&nbsp;\u2013 a p\u0159edev\u0161\u00edm na to,&nbsp;<strong>jak s nimi efektivn\u011b pracovat<\/strong>.<\/p>\n\n\n\n<p><strong>Co zazn\u00ed:<\/strong><\/p>\n\n\n\n<ul class=\"wp-block-list\">\n<li>Co v\u0161e dnes\u00a0<strong>spad\u00e1 pod produktovou ekologii<\/strong>\u00a0a jak\u00e9 jsou nej\u010dast\u011bj\u0161\u00ed m\u00fdty a nedorozum\u011bn\u00ed.<\/li>\n\n\n\n<li>P\u0159ehled aktu\u00e1ln\u00edch a p\u0159ipravovan\u00fdch zm\u011bn:\n<ul class=\"wp-block-list\">\n<li>aktualizace v\u00fdjimek dle sm\u011brnice\u00a0<strong>RoHS<\/strong>,<\/li>\n\n\n\n<li>nov\u00e9 l\u00e1tky SVHC v na\u0159\u00edzen\u00ed\u00a0<strong>REACH<\/strong>,<\/li>\n\n\n\n<li>problematika tzv.\u00a0<strong>v\u011b\u010dn\u00fdch chemik\u00e1li\u00ed PFAS<\/strong>,<\/li>\n\n\n\n<li>po\u017eadavky na\u00a0<strong>n\u00e1le\u017eitou p\u00e9\u010di p\u0159i z\u00edsk\u00e1v\u00e1n\u00ed surovin<\/strong>\u00a0(nap\u0159. dle\u00a0<strong>na\u0159\u00edzen\u00ed o bateri\u00edch<\/strong>),<\/li>\n\n\n\n<li>pravidla pro\u00a0<strong>zodpov\u011bdn\u00e9 nakupov\u00e1n\u00ed a due diligence<\/strong>.<\/li>\n<\/ul>\n<\/li>\n\n\n\n<li>Jak si\u00a0<strong>nastavit intern\u00ed procesy<\/strong>, aby firma legislativn\u00edm zm\u011bn\u00e1m rozum\u011bla a zvl\u00e1dla je v\u010das a bez chaosu.<\/li>\n\n\n\n<li>Kde\u00a0<strong>z\u00edsk\u00e1vat aktu\u00e1ln\u00ed a spolehliv\u00e9 informace<\/strong>, jak je p\u0159en\u00e1\u0161et do dodavatelsk\u00e9ho \u0159et\u011bzce.<\/li>\n\n\n\n<li>Praktick\u00e9\u00a0<strong>tipy pro koordinaci mezi odd\u011blen\u00edmi<\/strong>\u00a0\u2013 compliance, n\u00e1kup, v\u00fdvoj, kvalita.<\/li>\n<\/ul>\n\n\n\n<p>C\u00edlem je uk\u00e1zat, \u017ee i&nbsp;<strong>komplexn\u00ed p\u0159edpisy se daj\u00ed uchopit p\u0159ehledn\u011b<\/strong>, a \u017ee&nbsp;<strong>syst\u00e9mov\u00fd p\u0159\u00edstup<\/strong>&nbsp;je kl\u00ed\u010dem k efektivit\u011b a odolnosti firem v oblasti produktov\u00e9ho compliance.<\/p>\n\n\n\n<h3 class=\"wp-block-heading has-medium-font-size\">Pro\u010d na konferenci dorazit?<\/h3>\n\n\n\n<p>Konference&nbsp;<em>Podnikov\u00e1 ekologie a udr\u017eitelnost<\/em>&nbsp;nab\u00edz\u00ed:<\/p>\n\n\n\n<ul class=\"wp-block-list\">\n<li>p\u0159ehled legislativn\u00edch novinek a budouc\u00edch trend\u016f,<\/li>\n\n\n\n<li>inspirativn\u00ed p\u0159\u00edklady z praxe,<\/li>\n\n\n\n<li>t\u00e9mata jako uhl\u00edkov\u00e1 stopa, \u00faspory energi\u00ed a vody, zelen\u00e9 inovace, reporting podle CSRD,<\/li>\n\n\n\n<li>p\u0159\u00edle\u017eitosti k propojen\u00ed se s dal\u0161\u00edmi firmami a odborn\u00edky.<\/li>\n<\/ul>\n\n\n\n<p><br>V\u00edce informac\u00ed a p\u0159ihl\u00e1\u0161en\u00ed:\u00a0<a class=\"\" href=\"https:\/\/lnkd.in\/ev9MEDAf\" target=\"_blank\" rel=\"noopener\">VIDA conference \u2013 Konference Podnikov\u00e1 ekologie a udr\u017eitelnost<\/a><\/p>\n\n\n\n<p>D\u011bkujeme&nbsp;<strong>Han\u011b N\u011bmejcov\u00e9<\/strong>&nbsp;a t\u00fdmu&nbsp;<strong>VIDA conference<\/strong>&nbsp;za mo\u017enost b\u00fdt sou\u010d\u00e1st\u00ed t\u00e9to v\u00fdznamn\u00e9 ud\u00e1losti. T\u011b\u0161\u00edme se na setk\u00e1n\u00ed se v\u0161emi, kte\u0159\u00ed cht\u011bj\u00ed ve firm\u00e1ch pos\u00edlit&nbsp;<strong>udr\u017eitelnost, odpov\u011bdnost a p\u0159ehled v legislativ\u011b<\/strong>.<\/p>\n\n\n\n<p><strong>P\u0159ij\u010fte si pro inspiraci i praktick\u00e9 n\u00e1stroje \u2013 t\u011b\u0161\u00edme se na v\u00e1s!<\/strong><\/p>","protected":false},"excerpt":{"rendered":"<p>P\u0159ij\u010fte si poslechnout, jak zvl\u00e1dnout legislativn\u00ed zm\u011bny v dodavatelsk\u00fdch \u0159et\u011bzc\u00edch bez chaosu Datum:\u00a027. kv\u011btna 2025M\u00edsto:\u00a0Hotel Olympik, Praha |\u00a0mo\u017enost online \u00fa\u010dasti S radost\u00ed oznamujeme, \u017ee na\u0161e zakladatelka\u00a0Monika \u0160ruba\u0159ov\u00e1\u00a0vystoup\u00ed jako \u0159e\u010dnice na konferenci\u00a0Podnikov\u00e1 ekologie a udr\u017eitelnost, kter\u00e1 propojuje firmy, odborn\u00edky a instituce nap\u0159\u00ed\u010d sektory se z\u00e1jmem o udr\u017eiteln\u00fd rozvoj a ekologick\u00e9 \u0159\u00edzen\u00ed. T\u00e9ma p\u0159edn\u00e1\u0161ky: \u201e\u0158\u00edzen\u00ed dodavatelsk\u00fdch \u0159et\u011bzc\u016f [&hellip;]<\/p>\n","protected":false},"author":1,"featured_media":231238,"comment_status":"open","ping_status":"open","sticky":false,"template":"","format":"standard","meta":{"_et_pb_use_builder":"off","_et_pb_old_content":"","_et_gb_content_width":"","footnotes":""},"categories":[1],"tags":[],"class_list":["post-231237","post","type-post","status-publish","format-standard","has-post-thumbnail","hentry","category-uncategorized"],"_links":{"self":[{"href":"https:\/\/sources-matter.com\/en\/wp-json\/wp\/v2\/posts\/231237","targetHints":{"allow":["GET"]}}],"collection":[{"href":"https:\/\/sources-matter.com\/en\/wp-json\/wp\/v2\/posts"}],"about":[{"href":"https:\/\/sources-matter.com\/en\/wp-json\/wp\/v2\/types\/post"}],"author":[{"embeddable":true,"href":"https:\/\/sources-matter.com\/en\/wp-json\/wp\/v2\/users\/1"}],"replies":[{"embeddable":true,"href":"https:\/\/sources-matter.com\/en\/wp-json\/wp\/v2\/comments?post=231237"}],"version-history":[{"count":1,"href":"https:\/\/sources-matter.com\/en\/wp-json\/wp\/v2\/posts\/231237\/revisions"}],"predecessor-version":[{"id":231239,"href":"https:\/\/sources-matter.com\/en\/wp-json\/wp\/v2\/posts\/231237\/revisions\/231239"}],"wp:featuredmedia":[{"embeddable":true,"href":"https:\/\/sources-matter.com\/en\/wp-json\/wp\/v2\/media\/231238"}],"wp:attachment":[{"href":"https:\/\/sources-matter.com\/en\/wp-json\/wp\/v2\/media?parent=231237"}],"wp:term":[{"taxonomy":"category","embeddable":true,"href":"https:\/\/sources-matter.com\/en\/wp-json\/wp\/v2\/categories?post=231237"},{"taxonomy":"post_tag","embeddable":true,"href":"https:\/\/sources-matter.com\/en\/wp-json\/wp\/v2\/tags?post=231237"}],"curies":[{"name":"wp","href":"https:\/\/api.w.org\/{rel}","templated":true}]}}