{"id":231081,"date":"2024-08-29T15:37:00","date_gmt":"2024-08-29T15:37:00","guid":{"rendered":"https:\/\/sources-matter.com\/?p=231081"},"modified":"2025-03-26T18:26:26","modified_gmt":"2025-03-26T18:26:26","slug":"setkani-s-prezidentem","status":"publish","type":"post","link":"https:\/\/sources-matter.com\/en\/setkani-s-prezidentem\/sources-matter","title":{"rendered":"Setk\u00e1n\u00ed s prezidentem: Inspirativn\u00ed podpora inovac\u00ed v \u010cesk\u00e9 republice"},"content":{"rendered":"<p>R\u00e1di bychom vyj\u00e1d\u0159ili up\u0159\u00edmn\u00e9 pod\u011bkov\u00e1n\u00ed Kancel\u00e1\u0159i prezidenta republiky za mo\u017enost setk\u00e1n\u00ed s prezidentem Petrem Pavlem a jeho man\u017eelkou pan\u00ed Evou Pavlovou na z\u00e1mku v L\u00e1nech. Tato jedine\u010dn\u00e1 ud\u00e1lost, zam\u011b\u0159en\u00e1 na region\u00e1ln\u00ed inova\u010dn\u00ed centra, startupy a inovativn\u00ed firmy, byla pro n\u00e1s obrovskou inspirac\u00ed.<\/p>\n\n\n\n<p>Setk\u00e1n\u00ed n\u00e1m poskytlo skv\u011blou p\u0159\u00edle\u017eitost p\u0159edstavit na\u0161i spole\u010dnost <a href=\"https:\/\/sources-matter.com\/en\/kontakt\/\">Sources-Matter s.r.o<\/a>. a sd\u00edlet na\u0161e vize a my\u0161lenky v prost\u0159ed\u00ed pln\u00e9m l\u00eddr\u016f a vizion\u00e1\u0159\u016f z r\u016fzn\u00fdch obor\u016f. Podpora, kterou prezident t\u011bmto projekt\u016fm prokazuje, je pro n\u00e1s nesm\u00edrn\u011b motivuj\u00edc\u00ed a dod\u00e1v\u00e1 n\u00e1m energii pokra\u010dovat v na\u0161em \u00fasil\u00ed p\u0159in\u00e1\u0161et pozitivn\u00ed zm\u011bny.<\/p>\n\n\n\n<p>Odnesli jsme si mnoho cenn\u00fdch poznatk\u016f a inspirac\u00ed, kter\u00e9 budeme vyu\u017e\u00edvat v na\u0161em dal\u0161\u00edm rozvoji. Jsme hrd\u00ed na to, \u017ee m\u00e1me v \u010dele na\u0161\u00ed zem\u011b prezidenta, kter\u00fd sd\u00edl\u00ed na\u0161e hodnoty a skute\u010dn\u011b v\u011b\u0159\u00ed v potenci\u00e1l \u010desk\u00fdch firem.<\/p>\n\n\n\n<p>Nem\u00e9n\u011b d\u016fle\u017eit\u00e9 pod\u011bkov\u00e1n\u00ed pat\u0159\u00ed MSIC &#8211; Moravskoslezsk\u00e9mu inova\u010dn\u00edmu centru za nominaci a dlouhodobou podporu inovativn\u00edho ekosyst\u00e9mu v na\u0161em regionu. D\u00edky t\u00e9to spolupr\u00e1ci se m\u016f\u017eeme neust\u00e1le posouvat vp\u0159ed a p\u0159isp\u00edvat k rozvoji \u010desk\u00e9ho podnik\u00e1n\u00ed.<\/p>\n\n\n\n<p>D\u011bkujeme za tuto skv\u011blou zku\u0161enost a t\u011b\u0161\u00edme se na dal\u0161\u00ed p\u0159\u00edle\u017eitosti, jak spole\u010dn\u011b inovovat a r\u016fst!<\/p>\n\n\n\n<div style=\"height:46px\" aria-hidden=\"true\" class=\"wp-block-spacer\"><\/div>\n\n\n\n<hr class=\"wp-block-separator has-alpha-channel-opacity\"\/>\n\n\n\n<div style=\"height:28px\" aria-hidden=\"true\" class=\"wp-block-spacer\"><\/div>\n\n\n\n<figure class=\"wp-block-gallery has-nested-images columns-default is-cropped wp-block-gallery-1 is-layout-flex wp-block-gallery-is-layout-flex\">\n<figure class=\"wp-block-image size-large\"><img decoding=\"async\" width=\"800\" height=\"600\" data-id=\"231089\" data-src=\"https:\/\/sources-matter.com\/wp-content\/uploads\/2025\/03\/1724331052228-1.jpeg\" alt=\"\" class=\"wp-image-231089 lazyload\" data-srcset=\"https:\/\/sources-matter.com\/wp-content\/uploads\/2025\/03\/1724331052228-1.jpeg 800w, https:\/\/sources-matter.com\/wp-content\/uploads\/2025\/03\/1724331052228-1-480x360.jpeg 480w\" data-sizes=\"(min-width: 0px) and (max-width: 480px) 480px, (min-width: 481px) 800px, 100vw\" src=\"data:image\/svg+xml;base64,PHN2ZyB3aWR0aD0iMSIgaGVpZ2h0PSIxIiB4bWxucz0iaHR0cDovL3d3dy53My5vcmcvMjAwMC9zdmciPjwvc3ZnPg==\" style=\"--smush-placeholder-width: 800px; --smush-placeholder-aspect-ratio: 800\/600;\" \/><\/figure>\n\n\n\n<figure class=\"wp-block-image size-large\"><img decoding=\"async\" width=\"768\" height=\"1024\" data-id=\"231090\" data-src=\"https:\/\/sources-matter.com\/wp-content\/uploads\/2025\/03\/1724331049388-1-768x1024.jpeg\" alt=\"\" class=\"wp-image-231090 lazyload\" src=\"data:image\/svg+xml;base64,PHN2ZyB3aWR0aD0iMSIgaGVpZ2h0PSIxIiB4bWxucz0iaHR0cDovL3d3dy53My5vcmcvMjAwMC9zdmciPjwvc3ZnPg==\" style=\"--smush-placeholder-width: 768px; --smush-placeholder-aspect-ratio: 768\/1024;\" \/><\/figure>\n\n\n\n<figure class=\"wp-block-image size-large\"><img decoding=\"async\" width=\"1024\" height=\"683\" data-id=\"231093\" data-src=\"https:\/\/sources-matter.com\/wp-content\/uploads\/2025\/03\/1724331014270-1-1024x683.jpeg\" alt=\"\" class=\"wp-image-231093 lazyload\" data-srcset=\"https:\/\/sources-matter.com\/wp-content\/uploads\/2025\/03\/1724331014270-1-980x654.jpeg 980w, https:\/\/sources-matter.com\/wp-content\/uploads\/2025\/03\/1724331014270-1-480x320.jpeg 480w\" data-sizes=\"(min-width: 0px) and (max-width: 480px) 480px, (min-width: 481px) and (max-width: 980px) 980px, (min-width: 981px) 1024px, 100vw\" src=\"data:image\/svg+xml;base64,PHN2ZyB3aWR0aD0iMSIgaGVpZ2h0PSIxIiB4bWxucz0iaHR0cDovL3d3dy53My5vcmcvMjAwMC9zdmciPjwvc3ZnPg==\" style=\"--smush-placeholder-width: 1024px; --smush-placeholder-aspect-ratio: 1024\/683;\" \/><\/figure>\n\n\n\n<figure class=\"wp-block-image size-large\"><img decoding=\"async\" width=\"771\" height=\"1024\" data-id=\"231091\" data-src=\"https:\/\/sources-matter.com\/wp-content\/uploads\/2025\/03\/1724330994387-1-771x1024.jpeg\" alt=\"\" class=\"wp-image-231091 lazyload\" src=\"data:image\/svg+xml;base64,PHN2ZyB3aWR0aD0iMSIgaGVpZ2h0PSIxIiB4bWxucz0iaHR0cDovL3d3dy53My5vcmcvMjAwMC9zdmciPjwvc3ZnPg==\" style=\"--smush-placeholder-width: 771px; --smush-placeholder-aspect-ratio: 771\/1024;\" \/><\/figure>\n\n\n\n<figure class=\"wp-block-image size-large\"><img decoding=\"async\" width=\"768\" height=\"1024\" data-id=\"231092\" data-src=\"https:\/\/sources-matter.com\/wp-content\/uploads\/2025\/03\/1724331011871-1-768x1024.jpeg\" alt=\"\" class=\"wp-image-231092 lazyload\" src=\"data:image\/svg+xml;base64,PHN2ZyB3aWR0aD0iMSIgaGVpZ2h0PSIxIiB4bWxucz0iaHR0cDovL3d3dy53My5vcmcvMjAwMC9zdmciPjwvc3ZnPg==\" style=\"--smush-placeholder-width: 768px; --smush-placeholder-aspect-ratio: 768\/1024;\" \/><\/figure>\n<\/figure>","protected":false},"excerpt":{"rendered":"<p>R\u00e1di bychom vyj\u00e1d\u0159ili up\u0159\u00edmn\u00e9 pod\u011bkov\u00e1n\u00ed Kancel\u00e1\u0159i prezidenta republiky za mo\u017enost setk\u00e1n\u00ed s prezidentem Petrem Pavlem a jeho man\u017eelkou pan\u00ed Evou Pavlovou na z\u00e1mku v L\u00e1nech. Tato jedine\u010dn\u00e1 ud\u00e1lost, zam\u011b\u0159en\u00e1 na region\u00e1ln\u00ed inova\u010dn\u00ed centra, startupy a inovativn\u00ed firmy, byla pro n\u00e1s obrovskou inspirac\u00ed. Setk\u00e1n\u00ed n\u00e1m poskytlo skv\u011blou p\u0159\u00edle\u017eitost p\u0159edstavit na\u0161i spole\u010dnost Sources-Matter s.r.o. a sd\u00edlet na\u0161e [&hellip;]<\/p>\n","protected":false},"author":1,"featured_media":231133,"comment_status":"open","ping_status":"open","sticky":false,"template":"","format":"standard","meta":{"_et_pb_use_builder":"off","_et_pb_old_content":"","_et_gb_content_width":"","footnotes":""},"categories":[1],"tags":[121,120,119],"class_list":["post-231081","post","type-post","status-publish","format-standard","has-post-thumbnail","hentry","category-uncategorized","tag-inovace","tag-msic","tag-prezident"],"_links":{"self":[{"href":"https:\/\/sources-matter.com\/en\/wp-json\/wp\/v2\/posts\/231081","targetHints":{"allow":["GET"]}}],"collection":[{"href":"https:\/\/sources-matter.com\/en\/wp-json\/wp\/v2\/posts"}],"about":[{"href":"https:\/\/sources-matter.com\/en\/wp-json\/wp\/v2\/types\/post"}],"author":[{"embeddable":true,"href":"https:\/\/sources-matter.com\/en\/wp-json\/wp\/v2\/users\/1"}],"replies":[{"embeddable":true,"href":"https:\/\/sources-matter.com\/en\/wp-json\/wp\/v2\/comments?post=231081"}],"version-history":[{"count":1,"href":"https:\/\/sources-matter.com\/en\/wp-json\/wp\/v2\/posts\/231081\/revisions"}],"predecessor-version":[{"id":231094,"href":"https:\/\/sources-matter.com\/en\/wp-json\/wp\/v2\/posts\/231081\/revisions\/231094"}],"wp:featuredmedia":[{"embeddable":true,"href":"https:\/\/sources-matter.com\/en\/wp-json\/wp\/v2\/media\/231133"}],"wp:attachment":[{"href":"https:\/\/sources-matter.com\/en\/wp-json\/wp\/v2\/media?parent=231081"}],"wp:term":[{"taxonomy":"category","embeddable":true,"href":"https:\/\/sources-matter.com\/en\/wp-json\/wp\/v2\/categories?post=231081"},{"taxonomy":"post_tag","embeddable":true,"href":"https:\/\/sources-matter.com\/en\/wp-json\/wp\/v2\/tags?post=231081"}],"curies":[{"name":"wp","href":"https:\/\/api.w.org\/{rel}","templated":true}]}}