{"id":231074,"date":"2025-02-19T15:24:00","date_gmt":"2025-02-19T15:24:00","guid":{"rendered":"https:\/\/sources-matter.com\/?p=231074"},"modified":"2025-03-19T08:14:30","modified_gmt":"2025-03-19T08:14:30","slug":"aktualizace-vyjimek-rohs","status":"publish","type":"post","link":"https:\/\/sources-matter.com\/en\/aktualizace-vyjimek-rohs\/sources-matter","title":{"rendered":"Aktualizace v\u00fdjimek pro pou\u017eit\u00ed olova dle evropsk\u00e9 sm\u011brnice RoHS"},"content":{"rendered":"<p>Evropsk\u00e1 komise zve\u0159ejnila n\u00e1vrhy rozhodnut\u00ed o obnoven\u00ed n\u011bkolika v\u00fdjimek podle sm\u011brnice RoHS z p\u0159\u00edlohy III. Tyto zm\u011bny maj\u00ed z\u00e1sadn\u00ed dopad na v\u00fdrobce, dovozce a distributory elektrick\u00fdch a elektronick\u00fdch za\u0159\u00edzen\u00ed (EEZ). Pokud va\u0161e produkty vyu\u017e\u00edvaj\u00ed n\u011bkter\u00e9 z t\u011bchto v\u00fdjimek, je nezbytn\u00e9 se s t\u011bmito zm\u011bnami sezn\u00e1mit a v\u010das se p\u0159ipravit na jejich dopad.<\/p>\n\n\n\n<h2 class=\"wp-block-heading has-medium-font-size\">Prodlou\u017een\u00e9 v\u00fdjimky RoHS:<\/h2>\n\n\n\n<h3 class=\"wp-block-heading has-medium-font-size\">V\u00fdjimka 7(a)<\/h3>\n\n\n\n<p>V\u00fdjimka 7(a) z\u016fst\u00e1v\u00e1 v platnosti ve sv\u00e9 sou\u010dasn\u00e9 podob\u011b do 31. prosince 2026. Ur\u010dit\u00e9 specifick\u00e9 aplikace budou d\u00e1le prodlou\u017eeny do 31. prosince 2027 prost\u0159ednictv\u00edm nov\u00fdch v\u00fdjimek 7(a)-I a\u017e 7(a)-VII. Tato v\u00fdjimka je kl\u00ed\u010dov\u00e1 pro n\u011bkter\u00e9 p\u00e1jec\u00ed slitiny obsahuj\u00edc\u00ed olovo, a jej\u00ed prodlou\u017een\u00ed poskytuje v\u00fdrobc\u016fm v\u00edce \u010dasu na nalezen\u00ed alternativn\u00edch \u0159e\u0161en\u00ed.<\/p>\n\n\n\n<h3 class=\"wp-block-heading has-medium-font-size\">V\u00fdjimka 7(c)-I<\/h3>\n\n\n\n<p>Tato v\u00fdjimka se vztahuje na olovo v elektrick\u00fdch a elektronick\u00fdch sou\u010d\u00e1stk\u00e1ch, nap\u0159\u00edklad v pasivn\u00edch sou\u010d\u00e1stk\u00e1ch nebo konektorech. Z\u016fst\u00e1v\u00e1 v platnosti ve sv\u00e9 sou\u010dasn\u00e9 podob\u011b do 31. prosince 2026. Pro n\u011bkter\u00e9 specifick\u00e9 aplikace budou zavedeny nov\u00e9 v\u00fdjimky 7(c)-V a 7(c)-VI s platnost\u00ed do 31. prosince 2027.<\/p>\n\n\n\n<h3 class=\"wp-block-heading has-medium-font-size\">V\u00fdjimka 7(c)-II<\/h3>\n\n\n\n<p>V\u00fdjimka 7(c)-II, kter\u00e1 umo\u017e\u0148uje pou\u017eit\u00ed olova v dielektrick\u00fdch keramick\u00fdch materi\u00e1lech v n\u011bkter\u00fdch kondenz\u00e1torech, z\u016fst\u00e1v\u00e1 v platnosti do 31. prosince 2027.<\/p>\n\n\n\n<h2 class=\"wp-block-heading has-medium-font-size\">V\u00fdjimky, kter\u00e9 nebudou obnoveny:<\/h2>\n\n\n\n<h3 class=\"wp-block-heading has-medium-font-size\">V\u00fdjimka 6(a)<\/h3>\n\n\n\n<p>Tato v\u00fdjimka, kter\u00e1 povolovala pou\u017eit\u00ed olova v oceli, bude ukon\u010dena 12 m\u011bs\u00edc\u016f po vstupu delegovan\u00e9 sm\u011brnice v platnost. Budou zavedeny dv\u011b u\u017e\u0161\u00ed v\u00fdjimky 6(a)-I a 6(a)-II s platnost\u00ed do 31. prosince 2026. To znamen\u00e1, \u017ee v\u00fdrobci budou muset p\u0159ehodnotit slo\u017een\u00ed materi\u00e1l\u016f v ocelov\u00fdch komponentech a hledat alternativy.<\/p>\n\n\n\n<h3 class=\"wp-block-heading has-medium-font-size\">V\u00fdjimka 6(b)<\/h3>\n\n\n\n<p>Platnost t\u00e9to v\u00fdjimky, kter\u00e1 povolovala olovo v hlin\u00edku, skon\u010d\u00ed 12 m\u011bs\u00edc\u016f po vstupu delegovan\u00e9 sm\u011brnice v platnost. Tento krok p\u0159inut\u00ed v\u00fdrobce k p\u0159echodu na bezolovnat\u00e9 slitiny, co\u017e m\u016f\u017ee vy\u017eadovat zm\u011bny ve v\u00fdrobn\u00edch procesech a testov\u00e1n\u00ed nov\u00fdch materi\u00e1l\u016f.<\/p>\n\n\n\n<h3 class=\"wp-block-heading has-medium-font-size\">V\u00fdjimka 6(c)<\/h3>\n\n\n\n<p>V\u00fdjimka 6(c), kter\u00e1 se vztahovala na m\u011bd\u011bn\u00e9 slitiny obsahuj\u00edc\u00ed olovo, z\u016fst\u00e1v\u00e1 v platnosti do 31. prosince 2026. I p\u0159esto, \u017ee jej\u00ed platnost je prodlou\u017eena, je vhodn\u00e9 za\u010d\u00edt hledat alternativn\u00ed materi\u00e1ly, kter\u00e9 by odpov\u00eddaly budouc\u00edm regulac\u00edm.<\/p>\n\n\n\n<h2 class=\"wp-block-heading has-medium-font-size\">Jak ovlivn\u00ed zm\u011bny va\u0161e podnik\u00e1n\u00ed?<\/h2>\n\n\n\n<p>Tyto \u00fapravy mohou m\u00edt v\u00fdznamn\u00fd dopad na dodavatelsk\u00e9 \u0159et\u011bzce a shodu v\u00fdrobk\u016f s legislativn\u00edmi po\u017eadavky. Je nezbytn\u00e9 zajistit, \u017ee va\u0161e produkty budou odpov\u00eddat nov\u00fdm pravidl\u016fm a \u017ee v\u00fdrobn\u00ed procesy budou p\u0159izp\u016fsobeny tak, aby se p\u0159ede\u0161lo budouc\u00edm probl\u00e9m\u016fm s certifikac\u00ed.<\/p>\n\n\n\n<p>Podniky by m\u011bly:<\/p>\n\n\n\n<ul class=\"wp-block-list\">\n<li>Analyzovat, zda jejich produkty spadaj\u00ed pod n\u011bkterou z ru\u0161en\u00fdch v\u00fdjimek.<\/li>\n\n\n\n<li>Prozkoumat alternativn\u00ed materi\u00e1ly a technologie.<\/li>\n\n\n\n<li>Spolupracovat s dodavateli na zaji\u0161t\u011bn\u00ed souladu s nov\u00fdmi po\u017eadavky.<\/li>\n\n\n\n<li>Konzultovat odborn\u00edky na RoHS, aby minimalizovaly dopady zm\u011bn.<\/li>\n<\/ul>\n\n\n\n<p>Pokud si nejste jist\u00ed, zda se v\u00e1s tyto zm\u011bny t\u00fdkaj\u00ed, m\u016f\u017eeme v\u00e1m pomoci prov\u011b\u0159it aktu\u00e1ln\u00ed shodu va\u0161ich produkt\u016f a navrhnout optim\u00e1ln\u00ed \u0159e\u0161en\u00ed &#8211; <a href=\"https:\/\/sources-matter.com\/en\/kontakt\/\">Contact us!<\/a><\/p>","protected":false},"excerpt":{"rendered":"<p>Evropsk\u00e1 komise zve\u0159ejnila n\u00e1vrhy rozhodnut\u00ed o obnoven\u00ed n\u011bkolika v\u00fdjimek podle sm\u011brnice RoHS z p\u0159\u00edlohy III. Tyto zm\u011bny maj\u00ed z\u00e1sadn\u00ed dopad na v\u00fdrobce, dovozce a distributory elektrick\u00fdch a elektronick\u00fdch za\u0159\u00edzen\u00ed (EEZ). Pokud va\u0161e produkty vyu\u017e\u00edvaj\u00ed n\u011bkter\u00e9 z t\u011bchto v\u00fdjimek, je nezbytn\u00e9 se s t\u011bmito zm\u011bnami sezn\u00e1mit a v\u010das se p\u0159ipravit na jejich dopad. Prodlou\u017een\u00e9 v\u00fdjimky RoHS: [&hellip;]<\/p>\n","protected":false},"author":1,"featured_media":231075,"comment_status":"open","ping_status":"open","sticky":false,"template":"","format":"standard","meta":{"_et_pb_use_builder":"off","_et_pb_old_content":"","_et_gb_content_width":"","footnotes":""},"categories":[122],"tags":[111,93],"class_list":["post-231074","post","type-post","status-publish","format-standard","has-post-thumbnail","hentry","category-smernice-rohs","tag-eez","tag-rohs-smernice"],"_links":{"self":[{"href":"https:\/\/sources-matter.com\/en\/wp-json\/wp\/v2\/posts\/231074","targetHints":{"allow":["GET"]}}],"collection":[{"href":"https:\/\/sources-matter.com\/en\/wp-json\/wp\/v2\/posts"}],"about":[{"href":"https:\/\/sources-matter.com\/en\/wp-json\/wp\/v2\/types\/post"}],"author":[{"embeddable":true,"href":"https:\/\/sources-matter.com\/en\/wp-json\/wp\/v2\/users\/1"}],"replies":[{"embeddable":true,"href":"https:\/\/sources-matter.com\/en\/wp-json\/wp\/v2\/comments?post=231074"}],"version-history":[{"count":1,"href":"https:\/\/sources-matter.com\/en\/wp-json\/wp\/v2\/posts\/231074\/revisions"}],"predecessor-version":[{"id":231076,"href":"https:\/\/sources-matter.com\/en\/wp-json\/wp\/v2\/posts\/231074\/revisions\/231076"}],"wp:featuredmedia":[{"embeddable":true,"href":"https:\/\/sources-matter.com\/en\/wp-json\/wp\/v2\/media\/231075"}],"wp:attachment":[{"href":"https:\/\/sources-matter.com\/en\/wp-json\/wp\/v2\/media?parent=231074"}],"wp:term":[{"taxonomy":"category","embeddable":true,"href":"https:\/\/sources-matter.com\/en\/wp-json\/wp\/v2\/categories?post=231074"},{"taxonomy":"post_tag","embeddable":true,"href":"https:\/\/sources-matter.com\/en\/wp-json\/wp\/v2\/tags?post=231074"}],"curies":[{"name":"wp","href":"https:\/\/api.w.org\/{rel}","templated":true}]}}