{"id":230968,"date":"2024-10-07T11:18:00","date_gmt":"2024-10-07T11:18:00","guid":{"rendered":"https:\/\/sources-matter.com\/?p=230968"},"modified":"2025-03-25T12:47:54","modified_gmt":"2025-03-25T12:47:54","slug":"nova-omezeni-pfas-reach","status":"publish","type":"post","link":"https:\/\/sources-matter.com\/en\/nova-omezeni-pfas-reach\/sources-matter","title":{"rendered":"Nov\u00e1 omezen\u00ed pro PFAS v EU: Jak\u00e9 dopady mohou m\u00edt na va\u0161i firmu a pr\u016fmysl?"},"content":{"rendered":"<p>Evropsk\u00e1 unie roz\u0161\u00ed\u0159ila seznam omezen\u00fdch l\u00e1tek pod p\u0159\u00edlohou XVII na\u0159\u00edzen\u00ed REACH o nov\u00e9 PFAS. Tyto tzv. \u201ev\u011b\u010dn\u00e9 chemik\u00e1lie\u201c se hromad\u00ed v \u017eivotn\u00edm prost\u0159ed\u00ed a t\u011blech \u017eiv\u00fdch organism\u016f a p\u0159edstavuj\u00ed dlouhodob\u00e9 riziko pro zdrav\u00ed a ekologii. Pro firmy to znamen\u00e1, \u017ee mus\u00ed zajistit, aby jejich produkty spl\u0148ovaly p\u0159\u00edsn\u00e9 normy \u2013 co\u017e zahrnuje p\u0159ehodnocen\u00ed pou\u017e\u00edvan\u00fdch materi\u00e1l\u016f a kontrolu dodavatelsk\u00fdch \u0159et\u011bzc\u016f.<\/p>\n\n\n\n<h2 class=\"wp-block-heading has-medium-font-size\">Co znamenaj\u00ed nov\u00e1 omezen\u00ed PFAS pro firmy?<\/h2>\n\n\n\n<p>Nov\u00e1 regulace vy\u017eaduje, aby spole\u010dnosti pe\u010dliv\u011b analyzovaly slo\u017een\u00ed sv\u00fdch v\u00fdrobk\u016f a ov\u011b\u0159ily soulad s aktu\u00e1ln\u00edmi normami. To zahrnuje:<\/p>\n\n\n\n<ul class=\"wp-block-list\">\n<li>P\u0159ehodnocen\u00ed pou\u017e\u00edvan\u00fdch materi\u00e1l\u016f.<\/li>\n\n\n\n<li>D\u016fkladnou kontrolu dodavatelsk\u00e9ho \u0159et\u011bzce.<\/li>\n\n\n\n<li>Zaveden\u00ed opat\u0159en\u00ed k eliminaci PFAS tam, kde je to mo\u017en\u00e9.<\/li>\n\n\n\n<li>Zaji\u0161t\u011bn\u00ed souladu s legislativou prost\u0159ednictv\u00edm certifikac\u00ed a nez\u00e1visl\u00fdch test\u016f.<\/li>\n<\/ul>\n\n\n\n<p>Podniky, kter\u00e9 pou\u017e\u00edvaj\u00ed PFAS v pr\u016fmyslov\u00fdch procesech, by m\u011bly zv\u00e1\u017eit p\u0159echod na bezpe\u010dn\u011bj\u0161\u00ed alternativy a minimalizovat environment\u00e1ln\u00ed dopady sv\u00fdch produkt\u016f.<\/p>\n\n\n\n<h3 class=\"wp-block-heading has-medium-font-size\">V\u00fdzva k udr\u017eitelnosti a odpov\u011bdn\u00e9mu podnik\u00e1n\u00ed<\/h3>\n\n\n\n<p>Zp\u0159\u00edsn\u011bn\u00e1 regulace PFAS je z\u00e1sadn\u00edm krokem k vy\u0161\u0161\u00ed udr\u017eitelnosti a ochran\u011b \u017eivotn\u00edho prost\u0159ed\u00ed. Pro firmy to v\u0161ak znamen\u00e1 nejen v\u00fdzvu, ale i p\u0159\u00edle\u017eitost k inovaci a zlep\u0161en\u00ed proces\u016f. P\u0159ijet\u00ed ekologi\u010dt\u011bj\u0161\u00edch materi\u00e1l\u016f a v\u00fdrobn\u00edch metod m\u016f\u017ee v\u00e9st ke zv\u00fd\u0161en\u00ed konkurenceschopnosti a d\u016fv\u011bry z\u00e1kazn\u00edk\u016f.<\/p>\n\n\n\n<p>Firmy, kter\u00e9 se proaktivn\u011b p\u0159izp\u016fsob\u00ed nov\u00fdm regulac\u00edm, z\u00edskaj\u00ed nejen pr\u00e1vn\u00ed jistotu, ale i lep\u0161\u00ed pozici na trhu, kde je rostouc\u00ed popt\u00e1vka po udr\u017eiteln\u00fdch produktech.<\/p>\n\n\n\n<h3 class=\"wp-block-heading has-medium-font-size\">Jak v\u00e1m m\u016f\u017ee pomoci Sources Matter?<\/h3>\n\n\n\n<p>Nejste si jisti, jak p\u0159izp\u016fsobit sv\u00e9 produkty nebo procesy nov\u00fdm po\u017eadavk\u016fm? Obra\u0165te se na Sources Matter! Poskytneme v\u00e1m odbornou konzultaci, p\u0159iprav\u00edme individu\u00e1ln\u00ed pl\u00e1n a podpo\u0159\u00edme v\u00e1s na cest\u011b k souladu s nov\u00fdmi regula\u010dn\u00edmi normami.<\/p>\n\n\n\n<p><a href=\"https:\/\/sources-matter.com\/en\/kontakt\/\" data-type=\"link\" data-id=\"https:\/\/sources-matter.com\/kontakt\">Contact us<\/a> a zajist\u011bte si n\u00e1skok v oblasti udr\u017eitelnosti a odpov\u011bdn\u00e9ho podnik\u00e1n\u00ed!<\/p>","protected":false},"excerpt":{"rendered":"<p>Evropsk\u00e1 unie roz\u0161\u00ed\u0159ila seznam omezen\u00fdch l\u00e1tek pod p\u0159\u00edlohou XVII na\u0159\u00edzen\u00ed REACH o nov\u00e9 PFAS. Tyto tzv. \u201ev\u011b\u010dn\u00e9 chemik\u00e1lie\u201c se hromad\u00ed v \u017eivotn\u00edm prost\u0159ed\u00ed a t\u011blech \u017eiv\u00fdch organism\u016f a p\u0159edstavuj\u00ed dlouhodob\u00e9 riziko pro zdrav\u00ed a ekologii. Pro firmy to znamen\u00e1, \u017ee mus\u00ed zajistit, aby jejich produkty spl\u0148ovaly p\u0159\u00edsn\u00e9 normy \u2013 co\u017e zahrnuje p\u0159ehodnocen\u00ed pou\u017e\u00edvan\u00fdch materi\u00e1l\u016f a [&hellip;]<\/p>\n","protected":false},"author":1,"featured_media":231130,"comment_status":"open","ping_status":"open","sticky":false,"template":"","format":"standard","meta":{"_et_pb_use_builder":"off","_et_pb_old_content":"","_et_gb_content_width":"","footnotes":""},"categories":[125,126,123],"tags":[114,94],"class_list":["post-230968","post","type-post","status-publish","format-standard","has-post-thumbnail","hentry","category-pfas","category-narizeni-pops","category-narizeni-reach","tag-pfas","tag-reach-narizeni"],"_links":{"self":[{"href":"https:\/\/sources-matter.com\/en\/wp-json\/wp\/v2\/posts\/230968","targetHints":{"allow":["GET"]}}],"collection":[{"href":"https:\/\/sources-matter.com\/en\/wp-json\/wp\/v2\/posts"}],"about":[{"href":"https:\/\/sources-matter.com\/en\/wp-json\/wp\/v2\/types\/post"}],"author":[{"embeddable":true,"href":"https:\/\/sources-matter.com\/en\/wp-json\/wp\/v2\/users\/1"}],"replies":[{"embeddable":true,"href":"https:\/\/sources-matter.com\/en\/wp-json\/wp\/v2\/comments?post=230968"}],"version-history":[{"count":2,"href":"https:\/\/sources-matter.com\/en\/wp-json\/wp\/v2\/posts\/230968\/revisions"}],"predecessor-version":[{"id":231115,"href":"https:\/\/sources-matter.com\/en\/wp-json\/wp\/v2\/posts\/230968\/revisions\/231115"}],"wp:featuredmedia":[{"embeddable":true,"href":"https:\/\/sources-matter.com\/en\/wp-json\/wp\/v2\/media\/231130"}],"wp:attachment":[{"href":"https:\/\/sources-matter.com\/en\/wp-json\/wp\/v2\/media?parent=230968"}],"wp:term":[{"taxonomy":"category","embeddable":true,"href":"https:\/\/sources-matter.com\/en\/wp-json\/wp\/v2\/categories?post=230968"},{"taxonomy":"post_tag","embeddable":true,"href":"https:\/\/sources-matter.com\/en\/wp-json\/wp\/v2\/tags?post=230968"}],"curies":[{"name":"wp","href":"https:\/\/api.w.org\/{rel}","templated":true}]}}