{"id":230940,"date":"2024-07-27T16:02:00","date_gmt":"2024-07-27T16:02:00","guid":{"rendered":"https:\/\/sources-matter.com\/?p=230940"},"modified":"2025-03-26T18:27:04","modified_gmt":"2025-03-26T18:27:04","slug":"rohs-vyjimka-kadmium","status":"publish","type":"post","link":"https:\/\/sources-matter.com\/en\/rohs-vyjimka-kadmium\/sources-matter","title":{"rendered":"Nov\u00e1 v\u00fdjimka pro kadmium ve sm\u011brnici RoHS: Jak\u00e9 zm\u011bny p\u0159in\u00e1\u0161\u00ed?"},"content":{"rendered":"<p>Evropsk\u00e1 komise ned\u00e1vno ozn\u00e1mila&nbsp;<strong>v\u00fdznamn\u00e9 zm\u011bny<\/strong>&nbsp;v r\u00e1mci sm\u011brnice EU o omezen\u00ed pou\u017e\u00edv\u00e1n\u00ed n\u011bkter\u00fdch nebezpe\u010dn\u00fdch l\u00e1tek v elektrick\u00fdch a elektronick\u00fdch za\u0159\u00edzen\u00edch (<strong>RoHS<\/strong>). Tato novela, zve\u0159ejn\u011bn\u00e1&nbsp;<strong>21. kv\u011btna 2024<\/strong>, p\u0159in\u00e1\u0161\u00ed&nbsp;<strong>prodlou\u017een\u00ed st\u00e1vaj\u00edc\u00ed v\u00fdjimky o jeden rok<\/strong>&nbsp;a z\u00e1rove\u0148 zav\u00e1d\u00ed <strong>novou t\u0159\u00edletou v\u00fdjimku pro Kadmium<\/strong>.<\/p>\n\n\n\n<h2 class=\"wp-block-heading has-medium-font-size\">Kadmium a sm\u011brnice RoHS: Jak\u00e9 jsou nov\u00e9 limity a v\u00fdjimky?<\/h2>\n\n\n\n<p><strong>Kadmium<\/strong>, kter\u00e9 je uvedeno jako omezen\u00e1 l\u00e1tka v&nbsp;<strong>p\u0159\u00edloze II sm\u011brnice 2011\/65\/EU<\/strong>, podl\u00e9h\u00e1 p\u0159\u00edsn\u00e9mu limitu \u2013 maxim\u00e1ln\u011b&nbsp;<strong>0,01 % hmotnosti v homogenn\u00edch materi\u00e1lech<\/strong>. Tato nov\u00e1 v\u00fdjimka d\u00e1v\u00e1 pr\u016fmyslu&nbsp;<strong>dodate\u010dn\u00fd \u010das na p\u0159izp\u016fsoben\u00ed se regulac\u00edm<\/strong>, ani\u017e by do\u0161lo k naru\u0161en\u00ed v\u00fdroby a dodavatelsk\u00fdch \u0159et\u011bzc\u016f.<\/p>\n\n\n\n<p>Evropsk\u00e1 komise v r\u00e1mci t\u00e9to novely stanovila jasn\u00e9 lh\u016fty pro jej\u00ed implementaci:<\/p>\n\n\n\n<ul class=\"wp-block-list\">\n<li><strong>\u010clensk\u00e9 st\u00e1ty EU<\/strong>&nbsp;mus\u00ed novou v\u00fdjimku p\u0159ijmout a zve\u0159ejnit do&nbsp;<strong>31. prosince 2024<\/strong>.<\/li>\n\n\n\n<li>Nov\u00e1 pravidla vstoup\u00ed v platnost&nbsp;<strong>1. ledna 2025<\/strong>.<\/li>\n\n\n\n<li><strong>Datum vypr\u0161en\u00ed platnosti:<\/strong>\n<ul class=\"wp-block-list\">\n<li><strong>21. listopadu 2025<\/strong>&nbsp;pro v\u00fdjimku&nbsp;<strong>39(a)<\/strong><\/li>\n\n\n\n<li><strong>31. prosince 2027<\/strong>&nbsp;pro v\u00fdjimku&nbsp;<strong>39(b)<\/strong><\/li>\n<\/ul>\n<\/li>\n<\/ul>\n\n\n\n<h2 class=\"wp-block-heading has-medium-font-size\">Jak ovlivn\u00ed nov\u00e1 v\u00fdjimka RoHS v\u00fdrobce a dodavatelsk\u00e9 \u0159et\u011bzce?<\/h2>\n\n\n\n<p>Tato zm\u011bna&nbsp;<strong>poskytuje v\u00fdrobc\u016fm v\u00edce \u010dasu<\/strong>, aby na\u0161li vhodn\u00e9 alternativy ke Kadmiu a upravili sv\u00e9 v\u00fdrobn\u00ed procesy v souladu s nov\u00fdmi pravidly. P\u0159esto je d\u016fle\u017eit\u00e9, aby spole\u010dnosti&nbsp;<strong>za\u010daly pl\u00e1novat zm\u011bny co nejd\u0159\u00edve<\/strong>, proto\u017ee odklad je \u010dasov\u011b omezen\u00fd.<\/p>\n\n\n\n<h3 class=\"wp-block-heading has-medium-font-size\">Jak se p\u0159ipravit na nov\u00e9 po\u017eadavky RoHS?<\/h3>\n\n\n\n<ul class=\"wp-block-list\">\n<li>Zkontrolujte, zda se V\u00e1s tato v\u00fdjimka t\u00fdk\u00e1. <\/li>\n\n\n\n<li>P\u0159ipravte si strategii pro p\u0159echod na alternativn\u00ed materi\u00e1ly. <\/li>\n\n\n\n<li>Sledujte dal\u0161\u00ed legislativn\u00ed v\u00fdvoj, kter\u00fd m\u016f\u017ee ovlivnit Va\u0161e podnik\u00e1n\u00ed.<\/li>\n<\/ul>\n\n\n\n<h2 class=\"wp-block-heading has-medium-font-size\">Pot\u0159ebujete poradit?<\/h2>\n\n\n\n<p>Pokud si nejste jisti, jak tyto zm\u011bny ovlivn\u00ed Va\u0161e podnik\u00e1n\u00ed, nev\u00e1hejte n\u00e1s&nbsp;<strong>kontaktovat<\/strong> &#8211; <a href=\"https:\/\/sources-matter.com\/en\/kontakt\/\">https:\/\/sources-matter.com\/kontakt<\/a>. R\u00e1di V\u00e1m pom\u016f\u017eeme s&nbsp;<strong>anal\u00fdzou dopad\u016f a p\u0159izp\u016fsoben\u00edm Va\u0161ich proces\u016f<\/strong>&nbsp;nov\u00fdm po\u017eadavk\u016fm.<\/p>","protected":false},"excerpt":{"rendered":"<p>Evropsk\u00e1 komise ned\u00e1vno ozn\u00e1mila&nbsp;v\u00fdznamn\u00e9 zm\u011bny&nbsp;v r\u00e1mci sm\u011brnice EU o omezen\u00ed pou\u017e\u00edv\u00e1n\u00ed n\u011bkter\u00fdch nebezpe\u010dn\u00fdch l\u00e1tek v elektrick\u00fdch a elektronick\u00fdch za\u0159\u00edzen\u00edch (RoHS). Tato novela, zve\u0159ejn\u011bn\u00e1&nbsp;21. kv\u011btna 2024, p\u0159in\u00e1\u0161\u00ed&nbsp;prodlou\u017een\u00ed st\u00e1vaj\u00edc\u00ed v\u00fdjimky o jeden rok&nbsp;a z\u00e1rove\u0148 zav\u00e1d\u00ed novou t\u0159\u00edletou v\u00fdjimku pro Kadmium. Kadmium a sm\u011brnice RoHS: Jak\u00e9 jsou nov\u00e9 limity a v\u00fdjimky? Kadmium, kter\u00e9 je uvedeno jako omezen\u00e1 l\u00e1tka [&hellip;]<\/p>\n","protected":false},"author":1,"featured_media":231135,"comment_status":"open","ping_status":"open","sticky":false,"template":"","format":"standard","meta":{"_et_pb_use_builder":"off","_et_pb_old_content":"","_et_gb_content_width":"","footnotes":""},"categories":[122],"tags":[108,109,93],"class_list":["post-230940","post","type-post","status-publish","format-standard","has-post-thumbnail","hentry","category-smernice-rohs","tag-kadmium","tag-nova-vyjimka-pro-kadmium","tag-rohs-smernice"],"_links":{"self":[{"href":"https:\/\/sources-matter.com\/en\/wp-json\/wp\/v2\/posts\/230940","targetHints":{"allow":["GET"]}}],"collection":[{"href":"https:\/\/sources-matter.com\/en\/wp-json\/wp\/v2\/posts"}],"about":[{"href":"https:\/\/sources-matter.com\/en\/wp-json\/wp\/v2\/types\/post"}],"author":[{"embeddable":true,"href":"https:\/\/sources-matter.com\/en\/wp-json\/wp\/v2\/users\/1"}],"replies":[{"embeddable":true,"href":"https:\/\/sources-matter.com\/en\/wp-json\/wp\/v2\/comments?post=230940"}],"version-history":[{"count":4,"href":"https:\/\/sources-matter.com\/en\/wp-json\/wp\/v2\/posts\/230940\/revisions"}],"predecessor-version":[{"id":231117,"href":"https:\/\/sources-matter.com\/en\/wp-json\/wp\/v2\/posts\/230940\/revisions\/231117"}],"wp:featuredmedia":[{"embeddable":true,"href":"https:\/\/sources-matter.com\/en\/wp-json\/wp\/v2\/media\/231135"}],"wp:attachment":[{"href":"https:\/\/sources-matter.com\/en\/wp-json\/wp\/v2\/media?parent=230940"}],"wp:term":[{"taxonomy":"category","embeddable":true,"href":"https:\/\/sources-matter.com\/en\/wp-json\/wp\/v2\/categories?post=230940"},{"taxonomy":"post_tag","embeddable":true,"href":"https:\/\/sources-matter.com\/en\/wp-json\/wp\/v2\/tags?post=230940"}],"curies":[{"name":"wp","href":"https:\/\/api.w.org\/{rel}","templated":true}]}}