{"id":2132,"date":"2023-10-23T06:38:43","date_gmt":"2023-10-23T06:38:43","guid":{"rendered":"https:\/\/sources-matter.com\/?p=2132"},"modified":"2025-05-12T09:35:51","modified_gmt":"2025-05-12T09:35:51","slug":"konference-povinnosti-v-podnikove-ekologii-v-roce-2024","status":"publish","type":"post","link":"https:\/\/sources-matter.com\/en\/konference-povinnosti-v-podnikove-ekologii-v-roce-2024\/sources-matter","title":{"rendered":"ESG, legislativa a odpov\u011bdnost firem: Sources-Matter vystoup\u00ed na konferenci"},"content":{"rendered":"<p class=\"has-text-color\" style=\"color:#455566\"><a href=\"https:\/\/sources-matter.com\/en\/\">Sources-Matter<\/a>, jako hrd\u00fd partner konference <a href=\"https:\/\/www.enviprofi.cz\/povinnosti-v-podnikove-ekologii-v-roce-2024-productskenvi23\/?\" target=\"_blank\" rel=\"noopener\">Povinnosti v podnikov\u00e9 ekologii v roce 2024 s podtitulkem &#8211; ESG nemine \u017e\u00e1dnou firmu, bu\u010fte p\u0159ipraveni!<\/a><\/p>\n\n\n\n<p class=\"has-text-color\" style=\"color:#455566\">ESG (Environmental, Social, Governance) a s t\u00edm spojen\u00e1 legislativa, jako je nap\u0159\u00edklad <a href=\"https:\/\/eur-lex.europa.eu\/legal-content\/EN\/TXT\/?uri=CELEX%3A32022L2464\" target=\"_blank\" rel=\"noopener\">CSRD<\/a>, <a href=\"https:\/\/eur-lex.europa.eu\/legal-content\/EN\/TXT\/?uri=celex%3A32020R0852\" target=\"_blank\" rel=\"noopener\">Na\u0159\u00edzen\u00ed o Taxonomii<\/a>, nov\u00e9 <a href=\"https:\/\/www.consilium.europa.eu\/cs\/press\/press-releases\/2023\/07\/10\/council-adopts-new-regulation-on-batteries-and-waste-batteries\/\" target=\"_blank\" rel=\"noopener\">Na\u0159\u00edzen\u00ed o bateri\u00edch<\/a>, nebo n\u011bmeck\u00fd z\u00e1kon o dodavatelsk\u00fdch \u0159et\u011bzc\u00edch <a href=\"https:\/\/www.csr-in-deutschland.de\/EN\/Business-Human-Rights\/Supply-Chain-Act\/supply-chain-act.html\" target=\"_blank\" rel=\"noopener\">(LkSG)<\/a>, za\u017e\u00edvaj\u00ed v posledn\u00ed dob\u011b ohromn\u00fd rozmach. Nesm\u00edme v\u0161ak zapom\u00ednat na jin\u00e9, ji\u017e exituj\u00edc\u00ed enviromentalni regulace, jako jsou nap\u0159\u00edklad <a href=\"https:\/\/eur-lex.europa.eu\/legal-content\/EN\/ALL\/?uri=celex%3A32006R1907\" target=\"_blank\" rel=\"noopener\">REACH Regulation<\/a>, \u010di <a href=\"https:\/\/eur-lex.europa.eu\/legal-content\/EN\/TXT\/?uri=celex%3A32011L0065\" target=\"_blank\" rel=\"noopener\">RoHS Directive<\/a>, kter\u00e9 tak\u00e9 maj\u00ed v\u00fdznamn\u00fd dopad na podnikovou odpov\u011bdnost.<\/p>\n\n\n\n<p class=\"has-text-color\" style=\"color:#464545\">ESG a s t\u00edm souvisej\u00edc\u00ed legislativn\u00ed p\u0159edpisy jsou d\u016fle\u017eit\u00fdmi t\u00e9maty pro sou\u010dasn\u00e9 podniky. B\u00fdt p\u0159ipraven na tyto v\u00fdzvy je nezbytn\u00e9 pro udr\u017eitelnost a dlouhodob\u00fd \u00fasp\u011bch. Konference &#8222;Povinnost\u00ed v Podnikov\u00e9 Ekologii v roce 2024&#8220; je ide\u00e1ln\u00ed p\u0159\u00edle\u017eitost\u00ed, kde se m\u016f\u017eete dozv\u011bd\u011bt v\u00edce o t\u011bchto t\u00e9matech, a kde m\u016f\u017eeme b\u00fdt va\u0161\u00edm pr\u016fvodcem. Bu\u010fte p\u0159ipraveni na budoucnost a p\u0159ipojte se k n\u00e1m na t\u00e9to inspirativn\u00ed ud\u00e1losti.<\/p>\n\n\n\n<p class=\"has-text-color\" style=\"color:#464545\">V\u011bt\u0161ina t\u011bchto regulac\u00ed se prol\u00edn\u00e1 do cel\u00e9ho dodavatelsk\u00e9ho \u0159et\u011bzce. Harmonizace t\u011bchto po\u017eadavk\u016f a efektivn\u00ed komunikace s dodavateli p\u0159edstavuj\u00ed kl\u00ed\u010dov\u00e9 faktory pro \u00fasp\u011b\u0161n\u00e9 zvl\u00e1d\u00e1n\u00ed t\u00e9to problematiky. Zaji\u0161t\u011bn\u00ed udr\u017eitelnosti je obdivuhodn\u00e9, ale jak efektivn\u011b zorganizovat v\u0161echna tato data v r\u00e1mci dodavatelsk\u00e9ho \u0159et\u011bzce?<\/p>\n\n\n\n<p class=\"has-text-color\" style=\"color:#464545\">Na\u0161e spole\u010dnost <a href=\"https:\/\/sources-matter.com\/en\/konfliktni-mineraly\/\">Sources-Matter<\/a> nab\u00edz\u00ed outsourcing administrativn\u00edch slu\u017eeb, a to nejen v oblasti konfliktn\u00edch miner\u00e1l\u016f. T\u011b\u0161\u00edme se na osobn\u00ed setk\u00e1n\u00ed na konferenci a r\u00e1di v\u00e1m pom\u016f\u017eeme s interpretac\u00ed po\u017eadavk\u016f a zodpov\u00edme ve\u0161ker\u00e9 p\u0159\u00edpadn\u00e9 dotazy.<\/p>\n\n\n\n<p>Datum a m\u00edsto kon\u00e1n\u00ed akce: 21.11.2023, Praha<\/p>\n\n\n\n<p class=\"has-text-color\" style=\"color:#464545\">P\u0159ihl\u00e1\u0161ky\u00a0a\u00a0pln\u00fd\u00a0program konference najdete\u00a0zde: <a href=\"https:\/\/www.enviprofi.cz\/povinnosti-v-podnikove-ekologii-v-roce-2024-productskenvi23\/\" target=\"_blank\" rel=\"noopener\">https:\/\/www.enviprofi.cz\/povinnosti-v-podnikove-ekologii-v-roce-2024-productskenvi23\/<\/a>?<\/p>","protected":false},"excerpt":{"rendered":"<p>Sources-Matter, jako hrd\u00fd partner konference Povinnosti v podnikov\u00e9 ekologii v roce 2024 s podtitulkem &#8211; ESG nemine \u017e\u00e1dnou firmu, bu\u010fte p\u0159ipraveni! ESG (Environmental, Social, Governance) a s t\u00edm spojen\u00e1 legislativa, jako je nap\u0159\u00edklad CSRD, Na\u0159\u00edzen\u00ed o Taxonomii, nov\u00e9 Na\u0159\u00edzen\u00ed o bateri\u00edch, nebo n\u011bmeck\u00fd z\u00e1kon o dodavatelsk\u00fdch \u0159et\u011bzc\u00edch (LkSG), za\u017e\u00edvaj\u00ed v posledn\u00ed dob\u011b ohromn\u00fd rozmach. Nesm\u00edme [&hellip;]<\/p>\n","protected":false},"author":1,"featured_media":231154,"comment_status":"closed","ping_status":"closed","sticky":false,"template":"","format":"standard","meta":{"_et_pb_use_builder":"","_et_pb_old_content":"","_et_gb_content_width":"","footnotes":""},"categories":[127,123,122],"tags":[53,48,45],"class_list":["post-2132","post","type-post","status-publish","format-standard","has-post-thumbnail","hentry","category-narizeni-o-bateriich","category-narizeni-reach","category-smernice-rohs","tag-csrd-podavani-zprav-o-udrzitelnosti","tag-esg-konfliktni-mineraly-2","tag-esg-reporting"],"_links":{"self":[{"href":"https:\/\/sources-matter.com\/en\/wp-json\/wp\/v2\/posts\/2132","targetHints":{"allow":["GET"]}}],"collection":[{"href":"https:\/\/sources-matter.com\/en\/wp-json\/wp\/v2\/posts"}],"about":[{"href":"https:\/\/sources-matter.com\/en\/wp-json\/wp\/v2\/types\/post"}],"author":[{"embeddable":true,"href":"https:\/\/sources-matter.com\/en\/wp-json\/wp\/v2\/users\/1"}],"replies":[{"embeddable":true,"href":"https:\/\/sources-matter.com\/en\/wp-json\/wp\/v2\/comments?post=2132"}],"version-history":[{"count":9,"href":"https:\/\/sources-matter.com\/en\/wp-json\/wp\/v2\/posts\/2132\/revisions"}],"predecessor-version":[{"id":231243,"href":"https:\/\/sources-matter.com\/en\/wp-json\/wp\/v2\/posts\/2132\/revisions\/231243"}],"wp:featuredmedia":[{"embeddable":true,"href":"https:\/\/sources-matter.com\/en\/wp-json\/wp\/v2\/media\/231154"}],"wp:attachment":[{"href":"https:\/\/sources-matter.com\/en\/wp-json\/wp\/v2\/media?parent=2132"}],"wp:term":[{"taxonomy":"category","embeddable":true,"href":"https:\/\/sources-matter.com\/en\/wp-json\/wp\/v2\/categories?post=2132"},{"taxonomy":"post_tag","embeddable":true,"href":"https:\/\/sources-matter.com\/en\/wp-json\/wp\/v2\/tags?post=2132"}],"curies":[{"name":"wp","href":"https:\/\/api.w.org\/{rel}","templated":true}]}}