{"id":1755,"date":"2023-08-16T05:17:14","date_gmt":"2023-08-16T05:17:14","guid":{"rendered":"https:\/\/sources-matter.com\/?p=1755"},"modified":"2025-03-28T09:43:32","modified_gmt":"2025-03-28T09:43:32","slug":"konfliktni-mineraly-3tg","status":"publish","type":"post","link":"https:\/\/sources-matter.com\/en\/konfliktni-mineraly-3tg\/sources-matter","title":{"rendered":"Jak\u00e1 je platn\u00e1 legislativa t\u00fdkaj\u00edc\u00ed se konfliktn\u00edch miner\u00e1l\u016f?"},"content":{"rendered":"<h2 class=\"wp-block-heading has-medium-font-size\"><strong>Dodd-Frank Act Section 1502 \u2013 Povinnosti firem v USA ohledn\u011b konfliktn\u00edch miner\u00e1l\u016f<\/strong><\/h2>\n\n\n\n<p>Dodd-Frank\u016fv z\u00e1kon, sekce 1502 vy\u017eaduje, aby spole\u010dnosti registrovan\u00e9 pod Komis\u00ed cenn\u00fdch pap\u00edr\u016f v USA zve\u0159ej\u0148ovaly informace o pou\u017e\u00edv\u00e1n\u00ed c\u00ednu, wolframu, tantalu a zlata (konfliktn\u00ed miner\u00e1ly \u2013 3TG) ve sv\u00fdch v\u00fdrobc\u00edch a ur\u010dovaly, zda jsou z\u00edsk\u00e1v\u00e1ny etick\u00fdm zp\u016fsobem.<\/p>\n\n\n\n<p>Tento z\u00e1kon je v platnosti od 21. \u010dervna 2010. \u010cesk\u00e9 spole\u010dnosti mohou b\u00fdt ovlivn\u011bny p\u0159\u00edmo nebo nep\u0159\u00edmo, pokud dod\u00e1vaj\u00ed produkty obsahuj\u00edc\u00ed konfliktn\u00ed miner\u00e1ly firm\u00e1m podl\u00e9haj\u00edc\u00edm t\u00e9to regulaci.<\/p>\n\n\n\n<h2 class=\"wp-block-heading has-medium-font-size\"><strong>Na\u0159\u00edzen\u00ed EU 2017\/821 \u2013 Povinnost n\u00e1le\u017eit\u00e9 p\u00e9\u010de pro dovozce 3TG v EU<\/strong><\/h2>\n\n\n\n<p>EU Na\u0159\u00edzen\u00ed (EU) 2017\/821 stanovuje povinnosti n\u00e1le\u017eit\u00e9 p\u00e9\u010de v dodavatelsk\u00e9m \u0159et\u011bzci pro dovozce c\u00ednu, tantalu, wolframu, jejich rud a zlata poch\u00e1zej\u00edc\u00edho z oblast\u00ed posti\u017een\u00fdch konflikty a vysoce rizikov\u00fdch oblast\u00ed (tzv. CAHRA zem\u011b).<\/p>\n\n\n\n<p>Tento z\u00e1kon je v platnosti od 1. ledna 2021 a ovliv\u0148uje \u010desk\u00e9 spole\u010dnosti, pokud p\u016fsob\u00ed jako dovozci unijn\u00ed dovozci 3TG.<\/p>\n\n\n\n<h2 class=\"wp-block-heading has-medium-font-size\"><strong>Corporate Sustainability Reporting Directive (CSRD) \u2013 Povinn\u00e9 reportov\u00e1n\u00ed udr\u017eitelnosti firem v EU<\/strong><\/h2>\n\n\n\n<p>EU Sm\u011brnice o pod\u00e1v\u00e1n\u00ed zpr\u00e1v podnik\u016f o udr\u017eitelnosti (CSRD) vy\u017eaduje, aby spole\u010dnosti zve\u0159ej\u0148ovaly informace o ot\u00e1zk\u00e1ch udr\u017eitelnosti. Zpr\u00e1vy mus\u00ed b\u00fdt auditovan\u00e9 t\u0159et\u00ed stranou a obsahovat informace o dopadu podnik\u00e1n\u00ed na soci\u00e1ln\u00ed aspekty (v\u010detn\u011b konfliktn\u00edch miner\u00e1l\u016f) a \u017eivotn\u00ed prost\u0159ed\u00ed.<\/p>\n\n\n\n<p>Sm\u011brnice Evropsk\u00e9 unie vstoupila v platnost 5. ledna 2023 a je z\u00e1vazn\u00e1 pro v\u0161echny \u010dlensk\u00e9 st\u00e1ty EU. Ovliv\u0148uje spole\u010dnosti, kter\u00e9 spl\u0148uj\u00ed jej\u00ed krit\u00e9ria.<\/p>\n\n\n\n<h2 class=\"wp-block-heading has-medium-font-size\"><strong>N\u011bmeck\u00fd z\u00e1kon o dodavatelsk\u00fdch \u0159et\u011bzc\u00edch (LkSG) \u2013 Povinnosti firem ohledn\u011b lidsk\u00fdch pr\u00e1v a environment\u00e1ln\u00edch rizik<\/strong><\/h2>\n\n\n\n<p>N\u011bmeck\u00fd z\u00e1kon o dodavatelsk\u00fdch \u0159et\u011bzc\u00edch (Lieferkettensorgfaltspflichtengesetz \u2013 LkSG) vy\u017eaduje, aby spole\u010dnosti plnily povinnosti n\u00e1le\u017eit\u00e9 p\u00e9\u010de ve sv\u00fdch p\u0159\u00edm\u00fdch a nep\u0159\u00edm\u00fdch dodavatelsk\u00fdch \u0159et\u011bzc\u00edch ve vztahu k lidsk\u00fdm pr\u00e1v\u016fm a environment\u00e1ln\u00edm rizik\u016fm, v\u010detn\u011b konfliktn\u00edch miner\u00e1l\u016f.<\/p>\n\n\n\n<p>Z\u00e1kon plat\u00ed od ledna 2023 a m\u016f\u017ee b\u00fdt p\u0159\u00edmo z\u00e1vazn\u00fd pro \u010desk\u00e9 spole\u010dnosti, pokud jsou sou\u010d\u00e1st\u00ed nadn\u00e1rodn\u00ed firmy se s\u00eddlem v N\u011bmecku nebo pokud dod\u00e1vaj\u00ed firm\u00e1m podl\u00e9haj\u00edc\u00edm tomuto z\u00e1konu.<\/p>\n\n\n\n<h2 class=\"wp-block-heading has-medium-font-size\"><strong>Dal\u0161\u00ed evropsk\u00e9 z\u00e1kony o konfliktn\u00edch miner\u00e1lech a dodavatelsk\u00e9m \u0159et\u011bzci<\/strong><\/h2>\n\n\n\n<p>Krom\u011b v\u00fd\u0161e uveden\u00fdch regulac\u00ed p\u0159ijaly n\u011bkter\u00e9 evropsk\u00e9 zem\u011b, jako Francie, Nizozemsko a Norsko, z\u00e1kony t\u00fdkaj\u00edc\u00ed se odpov\u011bdnosti v dodavatelsk\u00e9m \u0159et\u011bzci, transparentnosti podnik\u00e1n\u00ed a lidsk\u00fdch pr\u00e1v. Tyto z\u00e1kony se v mnoha p\u0159\u00edpadech dot\u00fdkaj\u00ed i problematiky konfliktn\u00edch miner\u00e1l\u016f, a to i nep\u0159\u00edmo.<\/p>\n\n\n\n<p>R\u00e1di v\u00e1s podpo\u0159\u00edme s <strong>v\u00fdkladem t\u011bchto regula\u010dn\u00edch po\u017eadavk\u016f <\/strong>a samoz\u0159ejm\u011b tak\u00e9 se s <strong>nastaven\u00edm spr\u00e1vn\u00fdch proces\u016f pro<\/strong> <strong>dodr\u017eov\u00e1n\u00ed p\u0159edpis\u016f<\/strong> v souvislosti s po\u017eadavky na konfliktn\u00edmi miner\u00e1ly.<\/p>\n\n\n\n<p class=\"has-link-color wp-elements-bdb25ae5f52e71de0334cc2c757bd280\">Sledujte n\u00e1s na LinkedIn: <a href=\"https:\/\/www.linkedin.com\/company\/sources-matter\" target=\"_blank\" rel=\"noreferrer noopener\">https:\/\/www.linkedin.com\/company\/sources-matter<\/a><\/p>\n\n\n\n<p class=\"has-link-color wp-elements-93e00b85c01689a9115850a8917b05cb\">Kontaktujte n\u00e1s: <a href=\"https:\/\/sources-matter.com\/en\/contact\/\" target=\"_blank\" rel=\"noreferrer noopener\">https:\/\/sources-matter.com\/contact<\/a><\/p>\n\n\n\n<div style=\"height:54px\" aria-hidden=\"true\" class=\"wp-block-spacer\"><\/div>\n\n\n\n<figure class=\"wp-block-image size-large\"><img decoding=\"async\" width=\"1024\" height=\"694\" data-src=\"https:\/\/sources-matter.com\/wp-content\/uploads\/2023\/08\/Untitled-design-4-1024x694.png\" alt=\"\" class=\"wp-image-1753 lazyload\" data-srcset=\"https:\/\/sources-matter.com\/wp-content\/uploads\/2023\/08\/Untitled-design-4-1024x694.png 1024w, https:\/\/sources-matter.com\/wp-content\/uploads\/2023\/08\/Untitled-design-4-300x203.png 300w, https:\/\/sources-matter.com\/wp-content\/uploads\/2023\/08\/Untitled-design-4-768x520.png 768w, https:\/\/sources-matter.com\/wp-content\/uploads\/2023\/08\/Untitled-design-4-1536x1041.png 1536w, https:\/\/sources-matter.com\/wp-content\/uploads\/2023\/08\/Untitled-design-4.png 1765w\" data-sizes=\"(max-width: 1024px) 100vw, 1024px\" src=\"data:image\/svg+xml;base64,PHN2ZyB3aWR0aD0iMSIgaGVpZ2h0PSIxIiB4bWxucz0iaHR0cDovL3d3dy53My5vcmcvMjAwMC9zdmciPjwvc3ZnPg==\" style=\"--smush-placeholder-width: 1024px; --smush-placeholder-aspect-ratio: 1024\/694;\" \/><\/figure>\n\n\n\n<div style=\"height:15px\" aria-hidden=\"true\" class=\"wp-block-spacer\"><\/div>","protected":false},"excerpt":{"rendered":"<p>Dodd-Frank Act Section 1502 \u2013 Povinnosti firem v USA ohledn\u011b konfliktn\u00edch miner\u00e1l\u016f Dodd-Frank\u016fv z\u00e1kon, sekce 1502 vy\u017eaduje, aby spole\u010dnosti registrovan\u00e9 pod Komis\u00ed cenn\u00fdch pap\u00edr\u016f v USA zve\u0159ej\u0148ovaly informace o pou\u017e\u00edv\u00e1n\u00ed c\u00ednu, wolframu, tantalu a zlata (konfliktn\u00ed miner\u00e1ly \u2013 3TG) ve sv\u00fdch v\u00fdrobc\u00edch a ur\u010dovaly, zda jsou z\u00edsk\u00e1v\u00e1ny etick\u00fdm zp\u016fsobem. Tento z\u00e1kon je v platnosti od [&hellip;]<\/p>\n","protected":false},"author":1,"featured_media":231153,"comment_status":"closed","ping_status":"closed","sticky":false,"template":"","format":"standard","meta":{"_et_pb_use_builder":"","_et_pb_old_content":"","_et_gb_content_width":"","footnotes":""},"categories":[124],"tags":[41,35,43,54,38,42],"class_list":["post-1755","post","type-post","status-publish","format-standard","has-post-thumbnail","hentry","category-konfliktni-mineraly","tag-3tg-a-legislativa","tag-csrd-konfliktni-mineraly","tag-dodd-frankuv-zakon","tag-eu-narizeni-pro-uniji-dovozce","tag-legislativa-konfliktni-mineraly","tag-nemecky-zakon-o-dodavatelskych-retezcich"],"_links":{"self":[{"href":"https:\/\/sources-matter.com\/en\/wp-json\/wp\/v2\/posts\/1755","targetHints":{"allow":["GET"]}}],"collection":[{"href":"https:\/\/sources-matter.com\/en\/wp-json\/wp\/v2\/posts"}],"about":[{"href":"https:\/\/sources-matter.com\/en\/wp-json\/wp\/v2\/types\/post"}],"author":[{"embeddable":true,"href":"https:\/\/sources-matter.com\/en\/wp-json\/wp\/v2\/users\/1"}],"replies":[{"embeddable":true,"href":"https:\/\/sources-matter.com\/en\/wp-json\/wp\/v2\/comments?post=1755"}],"version-history":[{"count":31,"href":"https:\/\/sources-matter.com\/en\/wp-json\/wp\/v2\/posts\/1755\/revisions"}],"predecessor-version":[{"id":231097,"href":"https:\/\/sources-matter.com\/en\/wp-json\/wp\/v2\/posts\/1755\/revisions\/231097"}],"wp:featuredmedia":[{"embeddable":true,"href":"https:\/\/sources-matter.com\/en\/wp-json\/wp\/v2\/media\/231153"}],"wp:attachment":[{"href":"https:\/\/sources-matter.com\/en\/wp-json\/wp\/v2\/media?parent=1755"}],"wp:term":[{"taxonomy":"category","embeddable":true,"href":"https:\/\/sources-matter.com\/en\/wp-json\/wp\/v2\/categories?post=1755"},{"taxonomy":"post_tag","embeddable":true,"href":"https:\/\/sources-matter.com\/en\/wp-json\/wp\/v2\/tags?post=1755"}],"curies":[{"name":"wp","href":"https:\/\/api.w.org\/{rel}","templated":true}]}}