{"id":1752,"date":"2023-08-16T05:08:41","date_gmt":"2023-08-16T05:08:41","guid":{"rendered":"https:\/\/sources-matter.com\/?p=1752"},"modified":"2025-05-12T09:37:04","modified_gmt":"2025-05-12T09:37:04","slug":"podavani-zprav-o-udrzitelnosti","status":"publish","type":"post","link":"https:\/\/sources-matter.com\/en\/podavani-zprav-o-udrzitelnosti\/sources-matter","title":{"rendered":"Evropsk\u00e9 standardy pro zpr\u00e1vy o udr\u017eitelnosti: ESG a konfliktn\u00ed miner\u00e1ly"},"content":{"rendered":"<p class=\"has-link-color wp-elements-e78538faf59b87016c71861af0413db4\">Na za\u010d\u00e1tku srpna p\u0159ijala <a href=\"https:\/\/ec.europa.eu\/info\/law\/better-regulation\/have-your-say\/initiatives\/13765-European-sustainability-reporting-standards-first-set_en\" target=\"_blank\" rel=\"noopener\">Evropsk\u00e1 komise prvn\u00ed evropsk\u00e9 standardy pro pod\u00e1v\u00e1n\u00ed zpr\u00e1v o udr\u017eitelnosti<\/a>. Tyto standardy se t\u00fdkaj\u00ed pod\u00e1v\u00e1n\u00ed zpr\u00e1v o udr\u017eitelnosti, ve vztahu k tzv. ESG (Environmental, Social, Governance) po\u017eadavk\u016fm. C\u00edlem zajistit velmi vysokou m\u00edru interoperability mezi glob\u00e1ln\u00edmi standardy a standardy EU, \u010d\u00edm\u017e se ma zabr\u00e1nit dvoj\u00edmu zve\u0159ej\u0148ov\u00e1n\u00ed zpr\u00e1v ze strany spole\u010dnost\u00ed.<br><\/p>\n\n\n\n<p class=\"has-link-color wp-elements-8253083622b1611e3b940639681183d2\">Tyto standardy se prol\u00ednaj\u00ed do po\u017eadavk\u016f t\u00fdkaj\u00ed zve\u0159ej\u0148ov\u00e1n\u00ed zpr\u00e1v o udr\u017eitelnosti vych\u00e1zej\u00edc\u00ed ze Sm\u011brnice Evropsk\u00e9ho parlamentu a rady o <a href=\"https:\/\/finance.ec.europa.eu\/regulation-and-supervision\/financial-services-legislation\/implementing-and-delegated-acts\/corporate-sustainability-reporting-directive_en\" target=\"_blank\" rel=\"noopener\">pod\u00e1v\u00e1n\u00ed zpr\u00e1v podnik\u016f o udr\u017eitelnosti (CSRD)<\/a>, vych\u00e1zej\u00edc\u00ed ze sm\u011brnice o vykazov\u00e1n\u00ed nefinan\u010dn\u00edch informac\u00ed (NFR). Spole\u010dnosti spadaj\u00edc\u00ed do p\u016fsobnosti t\u00e9to sm\u011brnice, mus\u00ed zve\u0159ej\u0148ovat zpr\u00e1vy o udr\u017eitelnosti, a to minim\u00e1ln\u011b s ohledem na ot\u00e1zky \u017eivotn\u00edho prost\u0159ed\u00ed, soci\u00e1ln\u00ed aspekty a aspekty t\u00fdkaj\u00edc\u00ed se lidsk\u00fdch pr\u00e1v <a href=\"https:\/\/sources-matter.com\/en\/konfliktni-mineraly\/\">(konfliktn\u00ed miner\u00e1ly)<\/a>, boje proti \u00faplatk\u00e1\u0159stv\u00ed a korupci, atd.<\/p>\n\n\n\n<div style=\"height:22px\" aria-hidden=\"true\" class=\"wp-block-spacer\"><\/div>\n\n\n\n<p class=\"has-link-color wp-elements-4aa50dc6e126edf35aee99059a8c5505\">Zku\u0161en\u00ed odborn\u00edci ze spole\u010dnosti <a href=\"https:\/\/sources-matter.com\/en\/\">Sources-Matter<\/a> v\u00e1m pom\u016f\u017eou zodpov\u011bd\u011bt v\u0161echny ot\u00e1zky t\u00fdkaj\u00edc\u00ed se <strong>implementace a pod\u00e1v\u00e1n\u00ed zpr\u00e1v o udr\u017eitelnosti<\/strong>, ve vztahu k problematice konfliktn\u00edch miner\u00e1l\u016f.<\/p>\n\n\n\n<div style=\"height:20px\" aria-hidden=\"true\" class=\"wp-block-spacer\"><\/div>\n\n\n\n<p class=\"has-link-color wp-elements-bdb25ae5f52e71de0334cc2c757bd280\">Sledujte n\u00e1s na LinkedIn: <a href=\"https:\/\/www.linkedin.com\/company\/sources-matter\" target=\"_blank\" rel=\"noreferrer noopener\">https:\/\/www.linkedin.com\/company\/sources-matter<\/a><\/p>\n\n\n\n<p class=\"has-link-color wp-elements-93e00b85c01689a9115850a8917b05cb\">Kontaktujte n\u00e1s: <a href=\"https:\/\/sources-matter.com\/en\/contact\/\" target=\"_blank\" rel=\"noreferrer noopener\">https:\/\/sources-matter.com\/contact<\/a><\/p>\n\n\n\n<div style=\"height:15px\" aria-hidden=\"true\" class=\"wp-block-spacer\"><\/div>","protected":false},"excerpt":{"rendered":"<p>Na za\u010d\u00e1tku srpna p\u0159ijala Evropsk\u00e1 komise prvn\u00ed evropsk\u00e9 standardy pro pod\u00e1v\u00e1n\u00ed zpr\u00e1v o udr\u017eitelnosti. Tyto standardy se t\u00fdkaj\u00ed pod\u00e1v\u00e1n\u00ed zpr\u00e1v o udr\u017eitelnosti, ve vztahu k tzv. ESG (Environmental, Social, Governance) po\u017eadavk\u016fm. C\u00edlem zajistit velmi vysokou m\u00edru interoperability mezi glob\u00e1ln\u00edmi standardy a standardy EU, \u010d\u00edm\u017e se ma zabr\u00e1nit dvoj\u00edmu zve\u0159ej\u0148ov\u00e1n\u00ed zpr\u00e1v ze strany spole\u010dnost\u00ed. Tyto standardy [&hellip;]<\/p>\n","protected":false},"author":1,"featured_media":231149,"comment_status":"closed","ping_status":"closed","sticky":false,"template":"","format":"standard","meta":{"_et_pb_use_builder":"","_et_pb_old_content":"","_et_gb_content_width":"","footnotes":""},"categories":[124],"tags":[53,48,45,34],"class_list":["post-1752","post","type-post","status-publish","format-standard","has-post-thumbnail","hentry","category-konfliktni-mineraly","tag-csrd-podavani-zprav-o-udrzitelnosti","tag-esg-konfliktni-mineraly-2","tag-esg-reporting","tag-podavani-zprav-o-udrzitelnosti"],"_links":{"self":[{"href":"https:\/\/sources-matter.com\/en\/wp-json\/wp\/v2\/posts\/1752","targetHints":{"allow":["GET"]}}],"collection":[{"href":"https:\/\/sources-matter.com\/en\/wp-json\/wp\/v2\/posts"}],"about":[{"href":"https:\/\/sources-matter.com\/en\/wp-json\/wp\/v2\/types\/post"}],"author":[{"embeddable":true,"href":"https:\/\/sources-matter.com\/en\/wp-json\/wp\/v2\/users\/1"}],"replies":[{"embeddable":true,"href":"https:\/\/sources-matter.com\/en\/wp-json\/wp\/v2\/comments?post=1752"}],"version-history":[{"count":17,"href":"https:\/\/sources-matter.com\/en\/wp-json\/wp\/v2\/posts\/1752\/revisions"}],"predecessor-version":[{"id":231125,"href":"https:\/\/sources-matter.com\/en\/wp-json\/wp\/v2\/posts\/1752\/revisions\/231125"}],"wp:featuredmedia":[{"embeddable":true,"href":"https:\/\/sources-matter.com\/en\/wp-json\/wp\/v2\/media\/231149"}],"wp:attachment":[{"href":"https:\/\/sources-matter.com\/en\/wp-json\/wp\/v2\/media?parent=1752"}],"wp:term":[{"taxonomy":"category","embeddable":true,"href":"https:\/\/sources-matter.com\/en\/wp-json\/wp\/v2\/categories?post=1752"},{"taxonomy":"post_tag","embeddable":true,"href":"https:\/\/sources-matter.com\/en\/wp-json\/wp\/v2\/tags?post=1752"}],"curies":[{"name":"wp","href":"https:\/\/api.w.org\/{rel}","templated":true}]}}